{"id":783,"date":"2020-06-22T06:58:28","date_gmt":"2020-06-22T03:58:28","guid":{"rendered":"https:\/\/www.omaep.com\/?p=783"},"modified":"2026-04-21T06:31:28","modified_gmt":"2026-04-21T03:31:28","slug":"projects-events","status":"publish","type":"post","link":"https:\/\/www.omaep.com\/fr\/projects-events\/","title":{"rendered":"Projets \u2013 \u00c9v\u00e9nements"},"content":{"rendered":"<div data-elementor-type=\"wp-post\" data-elementor-id=\"783\" class=\"elementor elementor-783\">\n\t\t\t\t\t\t<section class=\"elementor-section elementor-top-section elementor-element elementor-element-1133c42 elementor-section-boxed elementor-section-height-default elementor-section-height-default\" data-id=\"1133c42\" data-element_type=\"section\" data-e-type=\"section\">\n\t\t\t\t\t\t<div class=\"elementor-container elementor-column-gap-default\">\n\t\t\t\t\t<div class=\"elementor-column elementor-col-100 elementor-top-column elementor-element elementor-element-6de0bfd\" data-id=\"6de0bfd\" data-element_type=\"column\" data-e-type=\"column\">\n\t\t\t<div class=\"elementor-widget-wrap elementor-element-populated\">\n\t\t\t\t\t\t<div class=\"elementor-element elementor-element-2c77388 elementor-widget elementor-widget-eael-adv-tabs\" data-id=\"2c77388\" data-element_type=\"widget\" data-e-type=\"widget\" data-widget_type=\"eael-adv-tabs.default\">\n\t\t\t\t<div class=\"elementor-widget-container\">\n\t\t\t\t\t        <div data-scroll-on-click=\"\" data-scroll-speed=\"300\" id=\"eael-advance-tabs-2c77388\" class=\"eael-advance-tabs eael-tabs-vertical eael-tab-auto-active\" data-tabid=\"2c77388\">\n            <div class=\"eael-tabs-nav\">\n                <ul class=\"eael-tab-inline-icon\" role=\"tablist\">\n                                            <li id=\"anpep-manifesto-for-a-new-science-of-education\" class=\"active-default eael-tab-item-trigger eael-tab-nav-item\" aria-selected=\"true\" data-tab=\"1\" role=\"tab\" tabindex=\"0\" aria-controls=\"anpep-manifesto-for-a-new-science-of-education-tab\" aria-expanded=\"false\">\n                            \n                                                        \n                                                            <span class=\"eael-tab-title title-after-icon\" >Manifeste de l'Anpep pour une nouvelle \n\"SCIENCE DE L'\u00c9DUCATION\"<\/span>                            \n                                                    <\/li>\n                                            <li id=\"prenatal-education-in-business\" class=\"inactive eael-tab-item-trigger eael-tab-nav-item\" aria-selected=\"false\" data-tab=\"2\" role=\"tab\" tabindex=\"-1\" aria-controls=\"prenatal-education-in-business-tab\" aria-expanded=\"false\">\n                            \n                                                                                                                            \n                                                            <span class=\"eael-tab-title title-after-icon\" >L'\u00c9ducation Pr\u00e9natale dans les entreprises<\/span>                            \n                                                    <\/li>\n                                            <li id=\"erasmus-project-2017-2019\" class=\"inactive eael-tab-item-trigger eael-tab-nav-item\" aria-selected=\"false\" data-tab=\"3\" role=\"tab\" tabindex=\"-1\" aria-controls=\"erasmus-project-2017-2019-tab\" aria-expanded=\"false\">\n                            \n                                                        \n                                                            <span class=\"eael-tab-title title-after-icon\" >ERASMUS PROJECT+ 2017-2019<\/span>                            \n                                                    <\/li>\n                                            <li id=\"erasmus-project-2019-2021\" class=\"inactive eael-tab-item-trigger eael-tab-nav-item\" aria-selected=\"false\" data-tab=\"4\" role=\"tab\" tabindex=\"-1\" aria-controls=\"erasmus-project-2019-2021-tab\" aria-expanded=\"false\">\n                            \n                                                        \n                                                            <span class=\"eael-tab-title title-after-icon\" >ERASMUS PROJECT+ 2019-2021<\/span>                            \n                                                    <\/li>\n                                            <li id=\"erasmus-2022-2025-vicepred\" class=\"inactive eael-tab-item-trigger eael-tab-nav-item\" aria-selected=\"false\" data-tab=\"5\" role=\"tab\" tabindex=\"-1\" aria-controls=\"erasmus-2022-2025-vicepred-tab\" aria-expanded=\"false\">\n                            \n                                                        \n                                                            <span class=\"eael-tab-title title-after-icon\" >Erasmus + 2022-2025 VICEPRED<\/span>                            \n                                                    <\/li>\n                    \n                                  <\/ul>\n            <\/div>\n            \n            <div class=\"eael-tabs-content\">\n\t\t        \n                    <div id=\"anpep-manifesto-for-a-new-science-of-education-tab\" class=\"clearfix eael-tab-content-item active-default\" data-title-link=\"anpep-manifesto-for-a-new-science-of-education-tab\">\n\t\t\t\t        <p><img fetchpriority=\"high\" decoding=\"async\" class=\"aligncenter wp-image-3031 size-large\" src=\"https:\/\/www.omaep.com\/wp-content\/uploads\/2022\/12\/anpepIT-1024x177.png\" alt=\"\" width=\"1024\" height=\"177\" srcset=\"\" sizes=\"(max-width: 1024px) 100vw, 1024px\" data-srcset=\"\" \/><\/p>\n<p style=\"font-size: 20px;line-height: 1.9;margin-bottom: 20px;color: #1f4e79\">Les parents sont de moins en moins pr\u00e9par\u00e9s \u00e0 faire face \u00e0 une t\u00e2che aussi complexe et lourde qu'\u00e9lever des enfants. La soci\u00e9t\u00e9 change rapidement et ne fait rien, ou presque, pour les aider. \nOn observe l\u2019abscence d\u2019une agence qui assumerait cette t\u00e2che d\u00e9licate et tenterait de traiter avec comp\u00e9tence et d\u00e9termination les questions soulev\u00e9es par le d\u00e9fi \u00e9ducatif. La science de l'\u00e9ducation, qui a fonctionn\u00e9 jusqu\u2019\u00e0 pr\u00e9sent au service de la soci\u00e9t\u00e9 de consommation, en servant les int\u00e9r\u00eats de la finance, de l'\u00e9conomie et de la politique, doit r\u00e9cup\u00e9rer sa \"mission\" et se mettre de mani\u00e8re coh\u00e9rente et d\u00e9cisive au service de l'homme, de la famille et de ses valeurs, sous peine de d\u00e9cadence morale, civile et culturelle de la soci\u00e9t\u00e9 future, toujours plus orient\u00e9e vers un usage souvent impropre de la technologie et incapable de r\u00e9pondre aux besoins fondamentaux de l'homme. En ce sens, elle doit commencer par s'approprier certaines grandes v\u00e9rit\u00e9s concernant la promotion du bien-\u00eatre, de la sant\u00e9 et la pr\u00e9vention des malaises et des maladies, qui sont expos\u00e9es ci-apr\u00e8s:<\/p>\n<ol style=\"font-size: 20px;line-height: 1.9;padding-left: 32px;margin-bottom: 25px;color: #1f4e79\">\n<li class=\"translation-block\">L'\u00e9ducation est un processus qui se d\u00e9roule \u00e0 l'int\u00e9rieur de l'\u00eatre humain (du verbe latin educ\u0115re \"faire sortir ce qu'il y a dans son monde int\u00e9rieur\") et non \u00e0 l'ext\u00e9rieur, dans l'environnement, comme c'est le cas pour l'enseignement ; elle concerne principalement les parents et seulement secondairement d'autres organismes, tels que les cr\u00e8ches, les \u00e9coles, les agences \u00e9ducatives territoriales ou autres.<\/li>\n<li class=\"translation-block\">L'\u00e9ducation commence d\u00e8s la conception, comme l'enseigne l'\u00e9pig\u00e9n\u00e9tique moderne, car sont alors pos\u00e9es les bases du futur d\u00e9veloppement psychique et physique. Cela demande \u00e0 chacun des parents de se pr\u00e9parer \u00e0 donner \u00e0 son enfant le meilleur de lui-m\u00eame pour \u00e9viter de mauvaises surprises, sachant que ce processus se d\u00e9roule d'abord en eux-m\u00eame, impliquant l'arch\u00e9type f\u00e9minin chez la m\u00e8re et l'arch\u00e9type masculin chez le p\u00e8re, puis il se poursuit dans leur corps pour permettre l'union de l'ovule et du spermatozo\u00efde dans la f\u00e9condation.<\/li>\n<li class=\"translation-block\">L'\u00e9ducation a un caract\u00e8re global et s'adresse \u00e0 la personne dans son ensemble, elle est v\u00e9hicul\u00e9e par le con-tact, le sentiment venu du c\u0153ur et se r\u00e9alise dans le cadre d'une relation intime et profonde entre parent et enfant, bas\u00e9e sur l'acceptation, l'appr\u00e9ciation et le respect de la dignit\u00e9 de l'autre<\/li>\n<li class=\"translation-block\">L'\u00e9ducation est le r\u00e9sultat d'une interaction circulaire continue, faite d'une succession de propositions et de contre-propositions dans le cadre d'un dialogue cr\u00e9atif, notamment avec la m\u00e8re, auquel l'enfant participe de mani\u00e8re consciente, en \u00e9tant pr\u00e9sent \u00e0 lui-m\u00eame, aux autres et au monde ext\u00e9rieur. C\u2019est ainsi que l'enfant apprend \u00e0 sortir de son isolement naturel et \u00e0 vivre dans la relation.<\/li>\n<li class=\"translation-block\">L'\u00e9ducation consid\u00e8re que l\u2018enfant d\u00e8s la conception est dot\u00e9, outre l'h\u00e9ritage et de l'environnement, d'un psychisme propre, caract\u00e9ris\u00e9 par l'individualit\u00e9 et l'intentionnalit\u00e9, ce qui en fait un protagoniste actif r\u00e9gisseur de \"son propre destin\", ainsi qu'une personne capable de collaborer. C'est pourquoi il est important que les parents l\u2019incluent dans leurs propres exp\u00e9riences d\u00e8s la p\u00e9riode intra ut\u00e9rine au sein de la m\u00e8re.<\/li>\n<li class=\"translation-block\">La t\u00e2che de l'\u00e9ducation est de reconna\u00eetre, de faire sien, d'accompagner et de soutenir le projet de vie pr\u00e9sent en chaque \u00eatre humain d\u00e8s sa conception, car il repr\u00e9sente la raison de son existence, oriente son avenir et vise \u00e0 am\u00e9liorer ce monde. Agir de la sorte permet d'augmenter la joie de vivre et d'\u00e9viter toutes les formes de limitation et de souffrance produites par l'ali\u00e9nation.<\/li>\n<li class=\"translation-block\">L'\u00e9ducation, dans son sens \u00e9tymologique de \u201cfaire sortir\u201d, vise avant tout le monde int\u00e9rieur de l'enfant et les qualit\u00e9s, que l'on trouve dans sa psych\u00e9 (ou plut\u00f4t dans son \u00e2me), telles que: la vitalit\u00e9, la joie, la confiance, la coh\u00e9rence, le naturel, la simplicit\u00e9, l'authenticit\u00e9, la puret\u00e9 et l'essentialit\u00e9. Ces qualit\u00e9s, qui expriment le potentiel humain de l'enfant, doivent \u00eatre reconnues, d\u00e9velopp\u00e9es et utilis\u00e9es dans l'int\u00e9r\u00eat commun, notamment par les parents, pour \u00e9viter \u00e9galement leur disparition progressive, lente et inexorable.<\/li>\n<li class=\"translation-block\">L'\u00e9ducation de l'enfant, consiste avant tout \u00e0 sentir qu'il vit dans le c\u0153ur de ses parents, p\u00e8re et m\u00e8re, pour les retrouver en lui. Ils repr\u00e9sentent les deux composantes fondamentales de son existence, le masculin et le f\u00e9minin, qui doivent \u00eatre constamment accord\u00e9es et synchronis\u00e9es entre elles pour permettre et favoriser sa croissance harmonieuse, int\u00e9gr\u00e9e et stable.<\/li>\n<li class=\"translation-block\">L'action \u00e9ducative doit se d\u00e9rouler dans un environnement sain, propre et aimant, exempt de toute forme de d\u00e9chet physique et psychique et capable de prot\u00e9ger l'enfant d'\u00e9ventuelles pollutions, stress, traumatismes ou interf\u00e9rences n\u00e9gatives de nature consum\u00e9riste (publicit\u00e9 ou autre). Ceci afin de ne pas d\u00e9vier ou entraver son chemin et lui permettre ainsi d'\u00eatre lui-m\u00eame et de favoriser son \u00e9panouissement.<\/li>\n<\/ol>\n<p style=\"font-size: 20px;line-height: 1.9;margin-bottom: 20px;color: #1f4e79\" class=\"translation-block\"><strong>EN R\u00c9SUM\u00c9<\/strong>: la nouvelle \u00e9ducation consid\u00e8re d\u00e9cisif le r\u00f4le de la conception et celui de la gestation car tous deux contribuent, par l'exp\u00e9rience (r\u00e9sultat  de l\u2019 interaction continue entre l'individu et le milieu), \u00e0 la formation du temp\u00e9rament, du caract\u00e8re et de la personnalit\u00e9 de l\u2019enfant, et par cons\u00e9quent dans sa globalit\u00e9 de la personne humaine, du citoyen et de l'homme de demain.<\/p>\n<hr style=\"background-color: black\" \/>\n<p style=\"text-align: center;font-size: 20px;line-height: 1.9;margin-bottom: 10px;color: #1f4e79\">ASSOCIAZIONE NAZIONALE DI PSICOLOGIA E DI EDUCAZIONE PRENATALE<\/p>\n<p style=\"text-align: center;font-size: 20px;line-height: 1.9;margin-bottom: 20px;color: #1f4e79\">\u2022Sede c\/o Via Padova, 37 31015 Conegliano (Tv) tel. e fax +39+0438\/73429 \u2022 C. F. 97241240155 P.I. 03647320260<br \/>Sito: <a href=\"http:\/\/www.anpep.it\/\">www.anpep.it<\/a><br \/><strong>Dr. Gino Soldera <\/strong>Vicolo Calle Spin, 25 \u2013 31010 Mareno di Piave (TV) tel. and fax +39+0438\/30269 cell. 338\/4007160<br \/>Email: <a href=\"mailto:ginosoldera@gmail.com\">ginosoldera@gmail.com<\/a><br \/>Youtube: <a href=\"https:\/\/www.youtube.com\/@anpepconegliano9233\">https:\/\/www.youtube.com\/@anpepconegliano9233<\/a><\/p>\n<div style=\"max-width: 640px;margin: 20px auto\">\n<div style=\"position: relative;padding-bottom: 56.25%;height: 0;overflow: hidden\"><iframe style=\"position: absolute;top: 0;left: 0;width: 100%;height: 100%\" title=\"YouTube video player\" src=\"https:\/\/www.youtube.com\/embed\/kUcempnKmdU\" allowfullscreen=\"allowfullscreen\"><\/iframe><\/div>\n<\/div>\n<hr style=\"background-color: black\" \/>\n<p style=\"text-align: center\">  <iframe style=\"width: 100%;max-width: 850px;height: 450px;display: block;margin: 0 auto\" title=\"EducationPrenataleNaturelle\" src=\"https:\/\/www.omaep.com\/wp-content\/plugins\/embedpress\/assets\/pdf-flip-book\/viewer.html?file=https%3A%2F%2Fwww.omaep.com%2Fwp-content%2Fuploads%2F2022%2F12%2FEducationPrenataleNaturelle.pdf&key=dGhlbWVNb2RlPWRlZmF1bHQmdG9vbGJhcj10cnVlJnBvc2l0aW9uPXRvcCZwcmVzZW50YXRpb249dHJ1ZSZsYXp5TG9hZD1mYWxzZSZkb3dubG9hZD10cnVlJmNvcHlfdGV4dD10cnVlJmFkZF90ZXh0PXRydWUmZHJhdz10cnVlJmFkZF9pbWFnZT10cnVlJnBkZl9yb3RhdGlvbj10cnVlJnBkZl9kZXRhaWxzPXRydWUmem9vbV9pbj10cnVlJnpvb21fb3V0PXRydWUmZml0X3ZpZXc9dHJ1ZSZib29rbWFyaz10cnVlJmZsaXBib29rX3Rvb2xiYXJfcG9zaXRpb249Ym90dG9tJnNlbGVjdGlvbl90b29sPTAmc2Nyb2xsaW5nPTAmc3ByZWFkcz0tMSZpc19wcm9fYWN0aXZlPTA=\"><\/iframe> <\/p>                    <\/div>\n\t\t        \n                    <div id=\"prenatal-education-in-business-tab\" class=\"clearfix eael-tab-content-item inactive\" data-title-link=\"prenatal-education-in-business-tab\">\n\t\t\t\t        <p style=\"font-size: 20px;line-height: 1.9;color: #1f4e79\">Le paradigme de l\u2019entreprise est en train de changer, et l\u2019on peut dire qu\u2019il change rapidement, surtout dans les grandes organisations.<\/p>\n<p style=\"font-size: 20px;line-height: 1.9;color: #1f4e79\">La conception de l\u2019entreprise comme une entit\u00e9 dont l\u2019unique objectif serait d\u2019obtenir des b\u00e9n\u00e9fices pour ses propri\u00e9taires ou actionnaires \u00e0 travers les produits et services vendus sur le march\u00e9 appartient d\u00e9sormais au pass\u00e9.<\/p>\n<p style=\"font-size: 20px;line-height: 1.9;color: #1f4e79\">Au contraire, on observe une tendance croissante \u00e0 consid\u00e9rer les entreprises comme des agents de transformation sociale. Des acteurs engag\u00e9s envers leur environnement, la soci\u00e9t\u00e9 dans laquelle ils \u00e9voluent, et m\u00eame envers l\u2019humanit\u00e9 et la plan\u00e8te dans leur ensemble.<\/p>\n<p style=\"font-size: 20px;line-height: 1.9;color: #1f4e79\">Corporate social responsibility, triple bottom line (economic, social and environmental), conscious leadership, corporate humanism, conscious organisations\u2026 all these terms have something in common.<\/p>\n<p style=\"font-size: 20px;line-height: 1.9;color: #1f4e79\">Ils expriment ce nouveau paradigme de l\u2019entreprise qui, s\u2019il est vrai qu\u2019il se r\u00e9duit parfois \u00e0 de simples mots ou \u00e0 une strat\u00e9gie de marketing, peut aussi, dans d\u2019autres cas, aller bien au-del\u00e0 et manifester une attitude authentique, s\u00e9rieuse et responsable.<\/p>\n<p style=\"font-size: 20px;line-height: 1.9;color: #1f4e79\">Added to this is the fact that, especially the younger generations, are increasingly demanding, as consumers or workers, that the companies they buy from or work for have a \u201craison d\u2019\u00eatre\u201d that goes beyond the purely economic to take into account social or environmental aspects.<\/p>\n<p style=\"font-size: 20px;line-height: 1.9;color: #1f4e79\">Une autre tendance du monde de l\u2019entreprise, en coh\u00e9rence avec cette \u00e9volution, est l\u2019importance accord\u00e9e \u00e0 la sant\u00e9 et au bien-\u00eatre des employ\u00e9s.<\/p>\n<p style=\"font-size: 20px;line-height: 1.9;color: #1f4e79\">Il n\u2019est pas rare de voir des entreprises proposer \u00e0 leurs collaborateurs des formations en pleine conscience, en nutrition, en activit\u00e9 physique ou en habitudes de vie saines, pour n\u2019en citer que quelques-unes.<\/p>\n<p style=\"font-size: 20px;line-height: 1.9;color: #1f4e79\">\u00c0 cela s\u2019ajoute \u00e9galement le fait que la dimension familiale des employ\u00e9s prend de plus en plus d\u2019importance dans le monde de l\u2019entreprise, et les politiques de conciliation entre vie professionnelle et vie familiale en sont une bonne illustration.<\/p>\n<p style=\"font-size: 20px;line-height: 1.9;color: #1f4e79\">This is also shown, albeit to a lesser extent, by the involvement of companies in early childhood care, both for their own employees\u2019 children and in general.<\/p>\n<p style=\"font-size: 20px;line-height: 1.9;color: #1f4e79\">In this respect, a forum has recently taken place which I consider particularly relevant and encouraging. It was the \u201cForum on Early Childhood and Sustainability\u201d, held online on 5 October 2022, organised by the \u201cRed CCE (Consejo Coordinador Empresarial de M\u00e9xico) por la Primera Infancia\u201d (CCE Network -Mexican Business Coordination Council- for Early Childhood).<\/p>\n<p style=\"text-align: center;margin: 25px 0\"><img decoding=\"async\" class=\"aligncenter wp-image-2952\" src=\"https:\/\/www.omaep.com\/wp-content\/uploads\/2022\/11\/primera-300x201.jpg\" alt=\"\" width=\"550\" height=\"369\" srcset=\"https:\/\/www.omaep.com\/wp-content\/uploads\/2022\/11\/primera-300x201.jpg 300w, https:\/\/www.omaep.com\/wp-content\/uploads\/2022\/11\/primera-768x514.jpg 768w, https:\/\/www.omaep.com\/wp-content\/uploads\/2022\/11\/primera-18x12.jpg 18w, https:\/\/www.omaep.com\/wp-content\/uploads\/2022\/11\/primera.jpg 799w\" sizes=\"(max-width: 550px) 100vw, 550px\" \/><\/p>\n<p style=\"font-size: 20px;line-height: 1.9;color: #1f4e79\">C\u2019est dans ce contexte, assur\u00e9ment de plus en plus favorable, qu\u2019une id\u00e9e que je nourrissais depuis la fin de l\u2019ann\u00e9e 2010 a progressivement pris forme au fil des ann\u00e9es, avant de commencer \u00e0 prendre de l\u2019ampleur.<\/p>\n<p style=\"font-size: 20px;line-height: 1.9;color: #1f4e79\">And that has resulted in the manuscript I finished writing this summer: \u201cNatural Prenatal Education, Sustainability and Corporate Social Responsibility\u201d, which is already on the table of a major publishing house that is waiting to obtain the financial resources for its publication (via sponsorship and\/or donations).<\/p>\n<p style=\"font-size: 20px;line-height: 1.9;color: #1f4e79\">Les objectifs de ce manuscrit \u2014 et, je l\u2019esp\u00e8re, du futur livre \u2014 sont les suivants:<\/p>\n<ul style=\"font-size: 20px;line-height: 1.9;color: #1f4e79;padding-left: 32px\">\n<li>Faire conna\u00eetre l\u2019\u00c9ducation pr\u00e9natale naturelle.<\/li>\n<li>Montrer le lien entre l\u2019\u00c9ducation pr\u00e9natale naturelle, la durabilit\u00e9 et la responsabilit\u00e9 sociale des entreprises.<\/li>\n<li>Impliquer les entreprises dans l\u2019\u00c9ducation pr\u00e9natale naturelle.<\/li>\n<li>To begin to create and disseminate another project that I have been thinking about for a long time: the creation of an \u201cIbero-American Network of companies and organisations that are friends of Natural Prenatal Education\u201d.<\/li>\n<\/ul>\n<p style=\"font-size: 20px;line-height: 1.9;color: #1f4e79\">Ce livre a donc pour vocation de contribuer \u00e0 quelque chose que je consid\u00e8re comme tr\u00e8s important : l\u2019introduction de l\u2019\u00c9ducation pr\u00e9natale dans le monde de l\u2019entreprise.<\/p>\n<p style=\"font-size: 20px;line-height: 1.9;color: #1f4e79\">I am currently running a campaign to try to get sponsors, among companies and organisations that can \u201cresonate\u201d with \u201cthe idea\u201d. This serves (independently of the financial results that can be achieved) to make the \u201cidea\u201d known.<\/p>\n<p style=\"font-size: 20px;line-height: 1.9;color: #1f4e79\">It would be great if this long cherished \u201cdream\u201d could begin to materialize with the publication of this book and its subsequent dissemination.<\/p>\n<p style=\"font-size: 20px;line-height: 1.9;color: #1f4e79\">J\u2019esp\u00e8re qu\u2019il en sera ainsi.<\/p>\n<p style=\"font-size: 20px;line-height: 1.9;color: #1f4e79\"><strong>Manuel Hurtado Fern\u00e1ndez<\/strong><br \/><strong>Madrid, le 17 novembre 2022<\/strong><\/p>\n<p><iframe style=\"width: 100%;max-width: 850px;height: 450px;display: block;margin: 0 auto;border: none\" title=\"LIBRO EPN, sostenibilidad y RSC\" src=\"https:\/\/www.omaep.com\/wp-content\/plugins\/embedpress\/assets\/pdf-flip-book\/viewer.html?file=https%3A%2F%2Fwww.omaep.com%2Fwp-content%2Fuploads%2F2022%2F11%2FLIBRO-EPN-sostenibilidad-y-RSC.pdf&key=dGhlbWVNb2RlPWRlZmF1bHQmdG9vbGJhcj10cnVlJnBvc2l0aW9uPXRvcCZwcmVzZW50YXRpb249dHJ1ZSZsYXp5TG9hZD1mYWxzZSZkb3dubG9hZD10cnVlJmNvcHlfdGV4dD10cnVlJmFkZF90ZXh0PXRydWUmZHJhdz10cnVlJmFkZF9pbWFnZT10cnVlJnBkZl9yb3RhdGlvbj10cnVlJnBkZl9kZXRhaWxzPXRydWUmem9vbV9pbj10cnVlJnpvb21fb3V0PXRydWUmZml0X3ZpZXc9dHJ1ZSZib29rbWFyaz10cnVlJmZsaXBib29rX3Rvb2xiYXJfcG9zaXRpb249Ym90dG9tJnNlbGVjdGlvbl90b29sPTAmc2Nyb2xsaW5nPTAmc3ByZWFkcz0tMSZpc19wcm9fYWN0aXZlPTA=\"><\/iframe><\/p>                    <\/div>\n\t\t        \n                    <div id=\"erasmus-project-2017-2019-tab\" class=\"clearfix eael-tab-content-item inactive\" data-title-link=\"erasmus-project-2017-2019-tab\">\n\t\t\t\t        <p style=\"text-align: left;margin: 25px 0\"><img decoding=\"async\" class=\"wp-image-900 alignnone\" src=\"https:\/\/www.omaep.com\/wp-content\/uploads\/2020\/06\/peace_site-300x296.jpg\" alt=\"\" width=\"300\" height=\"296\" srcset=\"https:\/\/www.omaep.com\/wp-content\/uploads\/2020\/06\/peace_site-300x296.jpg 300w, https:\/\/www.omaep.com\/wp-content\/uploads\/2020\/06\/peace_site.jpg 335w\" sizes=\"(max-width: 300px) 100vw, 300px\" \/><\/p>\n<p style=\"font-size: 22px;line-height: 1.8;margin-bottom: 15px;color: #1f4e79\"><strong>PROJET ERASMUS +<\/strong><\/p>\n<p style=\"font-size: 22px;line-height: 1.8;margin-bottom: 20px;color: #1f4e79\"><strong>2017-2019<\/strong><\/p>\n<p style=\"font-size: 20px;line-height: 1.9;margin-bottom: 20px;color: #1f4e79\">Le projet Erasmus +: <strong>\"Education parentale et prise de conscience de la communaut\u00e9 pour permettre l\u2019inclusion sociale des adolescents expos\u00e9s au risque de devenir parents\"<\/strong> a \u00e9t\u00e9 d\u00e9roul\u00e9 entre septembre 2017 et ao\u00fbt 2019 par un consortium constitu\u00e9 de 7 partenaires et coordonn\u00e9 par l\u2019Association d\u2019Education Pr\u00e9natale de Roumanie, \u00e0 laquelle se sont joints 4 associations similaires de Gr\u00e8ce, Chypres, Belgique et Lettonie, l\u2019Universit\u00e9 pour \u00e9trangers de P\u00e9rouse, ainsi qu\u2019un partenaire roumain \u2013 la Fondation Romtens.<\/p>\n<p style=\"font-size: 20px;line-height: 1.9;margin-bottom: 20px;color: #1f4e79\">Dans le cadre de ce projet, une \u00e9tude comparative a \u00e9t\u00e9 r\u00e9alis\u00e9e, avec la participation de 398 parents des pays partenaires. Son but \u00e9tait d\u2019identifier les besoins des membres des familles prises en compte en ce qui concerne la communication avec les enfants sur des questions d\u2019\u00e9ducation sexuelle, ainsi que l\u2019\u00e9ducation parentale. L\u2019\u00e9tude peut \u00eatre consult\u00e9e ici.<\/p>\n<p style=\"font-size: 20px;line-height: 1.9;margin-bottom: 20px;color: #1f4e79\">Compte tenu des r\u00e9sultats de l\u2019\u00e9tude, plusieurs produits ont \u00e9t\u00e9 r\u00e9alis\u00e9s dans le cadre du projet:<\/p>\n<p style=\"font-size: 20px;line-height: 1.9;margin-bottom: 20px;color: #1f4e79\"><strong>La plateforme OMAEDU:<\/strong> <a href=\"http:\/\/www.omaedu.ro\"><strong>www.omaedu.ro<\/strong><\/a>qui accueille:<\/p>\n<p style=\"font-size: 20px;line-height: 1.9;margin-bottom: 20px;color: #1f4e79\">a.\t9 modules d\u2019apprentissage \u00e9lectronique destin\u00e9s aussi bien aux parents qu\u2019aux professeurs et ouverts aux enfants et aux adolescents, pour (1) am\u00e9liorer la communication entre les jeunes et les adultes qui s\u2019occupent d\u2019eux, (2) contribuer au respect des droits de l\u2019enfant et \u00e0 la protection de l\u2019enfance, (3) renforcer l\u2019estime de soi chez les jeunes. Les participants (dipl\u00f4m\u00e9s d\u2019une universit\u00e9) qui ont termin\u00e9 les 9 modules d\u2019apprentissage \u00e9lectronique et r\u00e9ussi l\u2019\u00e9valuation finale pourront obtenir un certificat de l\u2019Universit\u00e9 pour \u00e9trangers de P\u00e9rouse, valant 3 cr\u00e9dits universitaires (CFU, ECTS).<\/p>\n<div class=\"wp-block-image\">\n<figure class=\"aligncenter size-large\"><img loading=\"lazy\" decoding=\"async\" width=\"1024\" height=\"568\" class=\"wp-image-913\" src=\"https:\/\/www.omaep.com\/wp-content\/uploads\/2020\/06\/erasmus_peace_site_FR.jpg\" alt=\"\" srcset=\"https:\/\/www.omaep.com\/wp-content\/uploads\/2020\/06\/erasmus_peace_site_FR.jpg 1502w, https:\/\/www.omaep.com\/wp-content\/uploads\/2020\/06\/erasmus_peace_site_FR-300x166.jpg 300w, https:\/\/www.omaep.com\/wp-content\/uploads\/2020\/06\/erasmus_peace_site_FR-1024x567.jpg 1024w, https:\/\/www.omaep.com\/wp-content\/uploads\/2020\/06\/erasmus_peace_site_FR-768x425.jpg 768w\" sizes=\"(max-width: 1024px) 100vw, 1024px\" \/><\/figure>\n<\/div>\n<p style=\"font-size: 20px;line-height: 1.9;margin-bottom: 20px;color: #1f4e79\">b. 4 vid\u00e9os d\u2019animation destin\u00e9es aux parents et aux enfants, visant 4 tranches d\u2019\u00e2ge: <em>Je prends soin de mon corps<\/em> (2-4 ans), <em>Chaque enfant est unique<\/em> (5-8 ans), <em>L\u2019\u00e9nergie sexuelle est comme l\u2019\u00e9lectricit\u00e9<\/em> (9-12 ans), <em>Tes choix quotidiens fa\u00e7onnent ton avenir<\/em> (13-18 ans).<\/p>\n<div class=\"wp-block-columns\">\n<div class=\"wp-block-column\">\n<figure class=\"wp-block-image size-large\"><img loading=\"lazy\" decoding=\"async\" width=\"580\" height=\"327\" class=\"wp-image-905\" src=\"https:\/\/www.omaep.com\/wp-content\/uploads\/2020\/06\/I-take-care-of-my-body.jpg\" alt=\"\" srcset=\"https:\/\/www.omaep.com\/wp-content\/uploads\/2020\/06\/I-take-care-of-my-body.jpg 580w, https:\/\/www.omaep.com\/wp-content\/uploads\/2020\/06\/I-take-care-of-my-body-300x169.jpg 300w\" sizes=\"(max-width: 580px) 100vw, 580px\" \/><\/figure>\n<\/div>\n<div class=\"wp-block-column\">\n<figure class=\"wp-block-image size-large\"><img loading=\"lazy\" decoding=\"async\" width=\"689\" height=\"387\" class=\"wp-image-907\" src=\"https:\/\/www.omaep.com\/wp-content\/uploads\/2020\/06\/Every-child-is-unique.jpg\" alt=\"\" srcset=\"https:\/\/www.omaep.com\/wp-content\/uploads\/2020\/06\/Every-child-is-unique.jpg 689w, https:\/\/www.omaep.com\/wp-content\/uploads\/2020\/06\/Every-child-is-unique-300x169.jpg 300w\" sizes=\"(max-width: 689px) 100vw, 689px\" \/><\/figure>\n<\/div>\n<div class=\"wp-block-column\">\n<figure class=\"wp-block-image size-large\"><img loading=\"lazy\" decoding=\"async\" width=\"580\" height=\"326\" class=\"wp-image-908\" src=\"https:\/\/www.omaep.com\/wp-content\/uploads\/2020\/06\/Sexual-energy-is-like-electricity.jpg\" alt=\"\" srcset=\"https:\/\/www.omaep.com\/wp-content\/uploads\/2020\/06\/Sexual-energy-is-like-electricity.jpg 580w, https:\/\/www.omaep.com\/wp-content\/uploads\/2020\/06\/Sexual-energy-is-like-electricity-300x169.jpg 300w\" sizes=\"(max-width: 580px) 100vw, 580px\" \/><\/figure>\n<\/div>\n<div class=\"wp-block-column\">\n<figure class=\"wp-block-image size-large\"><img loading=\"lazy\" decoding=\"async\" width=\"628\" height=\"430\" class=\"wp-image-909\" src=\"https:\/\/www.omaep.com\/wp-content\/uploads\/2020\/06\/Your-everyday-choices-shape-your-future.png\" alt=\"\" srcset=\"https:\/\/www.omaep.com\/wp-content\/uploads\/2020\/06\/Your-everyday-choices-shape-your-future.png 628w, https:\/\/www.omaep.com\/wp-content\/uploads\/2020\/06\/Your-everyday-choices-shape-your-future-300x205.png 300w\" sizes=\"(max-width: 628px) 100vw, 628px\" \/><\/figure>\n<\/div>\n<\/div>\n<p style=\"font-size: 20px;line-height: 1.9;margin-bottom: 20px;color: #1f4e79\"><strong>Une application Android, CHECK PACCS<\/strong>, qui peut \u00eatre t\u00e9l\u00e9charg\u00e9e gratuitement sur Google Play et qui comporte deux volets:<\/p>\n<p style=\"font-size: 20px;line-height: 1.9;margin-bottom: 20px;color: #1f4e79\">a. des messages hebdomadaires re\u00e7us par les abonn\u00e9s pour les aider \u00e0 am\u00e9liorer la communication parents-enfants;<\/p>\n<p style=\"font-size: 20px;line-height: 1.9;margin-bottom: 20px;color: #1f4e79\">b. un journal constitu\u00e9 de 8 listes de v\u00e9rification qui permettent d\u2019\u00e9valuer la qualit\u00e9 de la communication parents-enfants pour diff\u00e9rentes cat\u00e9gories d\u2019\u00e2ge<\/p>\n<p style=\"font-size: 20px;line-height: 1.9;margin-bottom: 20px;color: #1f4e79\">L\u2019acc\u00e8s \u00e0 tous les produits du projet PEACE SITE est gratuit, il suffit d\u2019un click et d\u2019une inscription en ligne sur la <a href=\"http:\/\/www.omaedu.ro\">www.omaedu.ro<\/a> plateforme<\/p>\n<p style=\"font-size: 20px;line-height: 1.9;margin-bottom: 20px;color: #1f4e79\">Nous vous attendons nombreux!<\/p>                    <\/div>\n\t\t        \n                    <div id=\"erasmus-project-2019-2021-tab\" class=\"clearfix eael-tab-content-item inactive\" data-title-link=\"erasmus-project-2019-2021-tab\">\n\t\t\t\t        <div style=\"color: #1f4e79;font-size: 20px;line-height: 1.9\">\n<p style=\"text-align: left;margin: 25px 0\"><img loading=\"lazy\" decoding=\"async\" class=\"wp-image-1365 alignnone\" src=\"https:\/\/www.omaep.com\/wp-content\/uploads\/2020\/09\/poh_site-269x300.jpg\" alt=\"\" width=\"180\" height=\"201\" srcset=\"https:\/\/www.omaep.com\/wp-content\/uploads\/2020\/09\/poh_site-269x300.jpg 269w, https:\/\/www.omaep.com\/wp-content\/uploads\/2020\/09\/poh_site-917x1024.jpg 917w, https:\/\/www.omaep.com\/wp-content\/uploads\/2020\/09\/poh_site-768x858.jpg 768w, https:\/\/www.omaep.com\/wp-content\/uploads\/2020\/09\/poh_site-1375x1536.jpg 1375w, https:\/\/www.omaep.com\/wp-content\/uploads\/2020\/09\/poh_site-1833x2048.jpg 1833w\" sizes=\"(max-width: 180px) 100vw, 180px\" \/><\/p>\n<p style=\"font-size: 22px;line-height: 1.8;margin: 0 0 15px 0\"><strong>PROJET ERASMUS +<\/strong><\/p>\n<p style=\"font-size: 22px;line-height: 1.8;margin: 0 0 20px 0\"><strong>2019-2021<\/strong><\/p>\n<p style=\"margin: 0 0 20px 0\">Le projet Erasmus +: <strong>\u201cParenthood Awareness before Conception to Enhance Offspring Health \u2013 E-learning Addressing Lifestyle to Transform Habits\u201d \u2013 PACE OF HEALTH<\/strong> started in August 2019 with a consortium of 7 partners and was coordinated by the Prenatal Education Association of Romania, joined by 4 similar associations from Greece, Cyprus, Belgium and Latvia. These 5 associations are members of OMAEP. The other 2 partners are the University for Foreigners of Perugia and a Romanian partner, the Romtens Foundation.<\/p>\n<p style=\"text-align: center;margin: 25px 0\"><img loading=\"lazy\" decoding=\"async\" class=\"aligncenter wp-image-1373 size-full\" src=\"https:\/\/www.omaep.com\/wp-content\/uploads\/2020\/09\/hands.jpg\" alt=\"\" width=\"894\" height=\"716\" srcset=\"https:\/\/www.omaep.com\/wp-content\/uploads\/2020\/09\/hands.jpg 894w, https:\/\/www.omaep.com\/wp-content\/uploads\/2020\/09\/hands-300x240.jpg 300w, https:\/\/www.omaep.com\/wp-content\/uploads\/2020\/09\/hands-768x615.jpg 768w\" sizes=\"(max-width: 894px) 100vw, 894px\" \/><\/p>\n<p style=\"margin: 0 0 20px 0\">Several outputs will be produced as part of the project:<\/p>\n<ul style=\"margin: 0 0 20px 32px;padding-left: 0\">\n<li><strong>La plateforme OMAEDU:<\/strong> <a href=\"http:\/\/www.omaedu.ro\"><strong>www.omaedu.ro<\/strong><\/a>, which will host:<\/li>\n<\/ul>\n<p style=\"margin: 0 0 20px 80px\">I. <strong>I. 8 modules d\u2019e-learning<\/strong> for prospective parents, teenagers and professionals with the following topics: <strong>N.E.S.T. IN R.E.S.T.<\/strong><\/p>\n<ul style=\"margin: 0 0 20px 110px;padding-left: 0\">\n<li class=\"translation-block\"><span style=\"text-decoration: underline;color: #ff0000\">N<\/span>utrition \/ Nutrition<\/li>\n<li class=\"translation-block\"><span style=\"text-decoration: underline;color: #ff0000\">E<\/span>motional and mental health \/ Sant\u00e9 \u00e9motionnelle et mentale<\/li>\n<li><span style=\"text-decoration: underline;color: #ff0000\">C<\/span>onsommation de substances et <span style=\"text-decoration: underline;color: #ff0000\">T<\/span>et tabac \u2013 \u00e0 \u00e9viter<\/li>\n<li><span style=\"text-decoration: underline;color: #ff0000\">IN<\/span>herited conditions and environmental factors<\/li>\n<li class=\"translation-block\"><span style=\"text-decoration: underline;color: #ff0000\">RE<\/span>lationship \/ Relations<\/li>\n<li class=\"translation-block\"><span style=\"text-decoration: underline;color: #ff0000\">S<\/span>TI (Stay away from STI) \/ Bien se garder des IST<\/li>\n<li><span style=\"text-decoration: underline;color: #ff0000\">T<\/span>rauma (violence prevention), and the 8th subject: a human rights-based approach to the 7 topics above<\/li>\n<\/ul>\n<p style=\"margin: 0 0 20px 80px\">II. <strong>II. <strong>7 vid\u00e9os d\u2019animation \u2013 une pour chaque th\u00e8me:<\/strong><\/strong><\/p>\n<p style=\"margin: 0 0 20px 80px\" class=\"translation-block\">III. <strong>Jeu \u00e9ducatif Interactif<\/strong> (jeu de l\u2019oie) destin\u00e9 aux adolescents et aux futurs parents<\/p>\n<p style=\"margin: 0 0 20px 80px\" class=\"translation-block\">IV. <strong>Bo\u00eete \u00e0 outils pour la communaut\u00e9 des \u00e9ducateurs<\/strong><\/p>\n<ul style=\"margin: 0 0 20px 32px;padding-left: 0\">\n<li class=\"translation-block\"><strong>Une application Android, CHECK PACCS<\/strong>, qui peut \u00eatre t\u00e9l\u00e9charg\u00e9e gratuitement sur Google Play et qui comporte deux volets:<\/li>\n<\/ul>\n<ul style=\"margin: 0 0 20px 110px;padding-left: 0\">\n<li>des messages hebdomadaires re\u00e7us par les abonn\u00e9s visant \u00e0 stimuler un comportement sain chez les futurs parents;<\/li>\n<li>a database with professionals\/services for future parents concerning all topics in all countries (each partner provides the information needed for all 7 topics)<\/li>\n<\/ul>\n<p style=\"margin: 0 0 20px 0\">L\u2019acc\u00e8s \u00e0 tous les produits du projet PACE OF HEALTH sera enti\u00e8rement gratuit, en un seul clic, apr\u00e8s inscription en ligne sur la plateforme <a href=\"http:\/\/www.omaedu.ro\">www.omaedu.ro<\/a> .<\/p>\n<p style=\"margin: 0 0 20px 0\">Nous vous attendons nombreux!<\/p>\n<p style=\"text-align: center;margin: 25px 0\"><img loading=\"lazy\" decoding=\"async\" class=\"aligncenter size-full wp-image-1374\" src=\"https:\/\/www.omaep.com\/wp-content\/uploads\/2020\/09\/tree.jpg\" alt=\"\" width=\"922\" height=\"614\" srcset=\"https:\/\/www.omaep.com\/wp-content\/uploads\/2020\/09\/tree.jpg 922w, https:\/\/www.omaep.com\/wp-content\/uploads\/2020\/09\/tree-300x200.jpg 300w, https:\/\/www.omaep.com\/wp-content\/uploads\/2020\/09\/tree-768x511.jpg 768w\" sizes=\"(max-width: 922px) 100vw, 922px\" \/><\/p>\n<\/div>                    <\/div>\n\t\t        \n                    <div id=\"erasmus-2022-2025-vicepred-tab\" class=\"clearfix eael-tab-content-item inactive\" data-title-link=\"erasmus-2022-2025-vicepred-tab\">\n\t\t\t\t        <p style=\"text-align: center;font-size: 22px;line-height: 1.8;margin-bottom: 20px;color: #1f4e79\"><strong>Centre virtuel d'\u00e9ducation pr\u00e9natale<\/strong><\/p>\n<p style=\"font-size: 20px;line-height: 1.9;margin-bottom: 20px;color: #1f4e79\"><strong>VICEPRED:<\/strong> Le Centre virtuel d'\u00e9ducation pr\u00e9natale est un projet Erasmus+ d\u00e9velopp\u00e9 sur la plateforme www.omaedu.ro entre 2022 et 2025, projet n\u00b0 : 2022-1-RO01-KA220-ADU-000087223, dont l'objectif est le suivant :<\/p>\n<p style=\"font-size: 20px;line-height: 1.9;margin-bottom: 20px;color: #1f4e79\">Am\u00e9liorer les connaissances, les comp\u00e9tences et les attitudes des futurs parents d\u00e8s les premiers moments de la grossesse afin de faciliter le d\u00e9veloppement physique, \u00e9motionnel, intellectuel et spirituel optimal de leurs enfants.<\/p>\n<p style=\"text-align: center;margin: 25px 0\"><img loading=\"lazy\" decoding=\"async\" class=\"size-full wp-image-3469 aligncenter\" src=\"https:\/\/www.omaep.com\/wp-content\/uploads\/2026\/02\/vicepred_logo.jpg\" alt=\"\" width=\"255\" height=\"255\" srcset=\"https:\/\/www.omaep.com\/wp-content\/uploads\/2026\/02\/vicepred_logo.jpg 255w, https:\/\/www.omaep.com\/wp-content\/uploads\/2026\/02\/vicepred_logo-150x150.jpg 150w, https:\/\/www.omaep.com\/wp-content\/uploads\/2026\/02\/vicepred_logo-12x12.jpg 12w, https:\/\/www.omaep.com\/wp-content\/uploads\/2026\/02\/vicepred_logo-225x225.jpg 225w\" sizes=\"(max-width: 255px) 100vw, 255px\" \/><\/p>\n<p style=\"font-size: 20px;line-height: 1.9;margin-bottom: 20px;color: #1f4e79\">Le projet est r\u00e9alis\u00e9 gr\u00e2ce \u00e0 la contribution des 9 partenaires du projet \u00e0 la cr\u00e9ation d'un centre virtuel d'\u00e9ducation pr\u00e9natale sur la plateforme d'apprentissage en ligne www.omaedu.ro<\/p>\n<p style=\"font-size: 20px;line-height: 1.9;margin-bottom: 20px;color: #1f4e79\">Les partenaires qui ont contribu\u00e9 au d\u00e9veloppement du projet sont les suivants :<\/p>\n<ol style=\"font-size: 20px;line-height: 1.9;margin-bottom: 25px;padding-left: 32px;color: #1f4e79\">\n<li>Association d'\u00e9ducation pr\u00e9natale de Roumanie - AEPRO - coordinateur<\/li>\n<li>Universit\u00e0 per Stranieri di Perugia (Italie)<\/li>\n<li>Elliniki Etairia Progennitikis Agogis (Gr\u00e8ce)<\/li>\n<li>Latvijas Perinatalas Attistibas Biedriba (Lettonie)<\/li>\n<li>Kipriako Somatio Progennitikis Agogis (Chypre)<\/li>\n<li>Education Pr\u00e9natale \u2013 Information (Belgique)<\/li>\n<li>Fondation Romtens (Roumanie)<\/li>\n<li>Asociaci\u00f3n Nacional de Educaci\u00f3n Prenatal ANEP (Spain)<\/li>\n<li>Associazione Italiana Educazione Prenatale (Italie)<\/li>\n<\/ol>\n<p style=\"text-align: center;margin: 25px 0\"><img loading=\"lazy\" decoding=\"async\" class=\"aligncenter wp-image-3464 size-full\" src=\"https:\/\/www.omaep.com\/wp-content\/uploads\/2026\/02\/vicepred_1.png\" alt=\"\" width=\"784\" height=\"425\" srcset=\"https:\/\/www.omaep.com\/wp-content\/uploads\/2026\/02\/vicepred_1.png 784w, https:\/\/www.omaep.com\/wp-content\/uploads\/2026\/02\/vicepred_1-300x163.png 300w, https:\/\/www.omaep.com\/wp-content\/uploads\/2026\/02\/vicepred_1-768x416.png 768w, https:\/\/www.omaep.com\/wp-content\/uploads\/2026\/02\/vicepred_1-18x10.png 18w\" sizes=\"(max-width: 784px) 100vw, 784px\" \/><\/p>\n<p style=\"font-size: 20px;line-height: 1.9;margin-bottom: 20px;color: #1f4e79\">Le centre virtuel d'\u00e9ducation pr\u00e9natale se compose de trois hubs : relationnel, informationnel et comp\u00e9tences transversales (soft skills), chacun comprenant trois pi\u00e8ces. Chaque pi\u00e8ce propose plusieurs types de produits : capsules d'information, vid\u00e9os, doodles, diaporamas, \u00e9tudes de cas, applications et jeux \u00e9ducatifs afin d'apporter des solutions et des r\u00e9ponses aux questions li\u00e9es \u00e0 la grossesse, \u00e0 l'accouchement et au comportement des futurs parents afin d'offrir des conditions harmonieuses pour le d\u00e9veloppement de leur futur enfant.<\/p>\n<p style=\"text-align: center;margin: 25px 0\"><img loading=\"lazy\" decoding=\"async\" class=\"size-full wp-image-3465 aligncenter\" src=\"https:\/\/www.omaep.com\/wp-content\/uploads\/2026\/02\/vicepred_2.png\" alt=\"\" width=\"784\" height=\"416\" srcset=\"https:\/\/www.omaep.com\/wp-content\/uploads\/2026\/02\/vicepred_2.png 784w, https:\/\/www.omaep.com\/wp-content\/uploads\/2026\/02\/vicepred_2-300x159.png 300w, https:\/\/www.omaep.com\/wp-content\/uploads\/2026\/02\/vicepred_2-768x408.png 768w, https:\/\/www.omaep.com\/wp-content\/uploads\/2026\/02\/vicepred_2-18x10.png 18w\" sizes=\"(max-width: 784px) 100vw, 784px\" \/><\/p>\n<p style=\"font-size: 20px;line-height: 1.9;margin-bottom: 20px;color: #1f4e79\"><strong>Le Hub relationnel<\/strong> comprend des informations succinctes sur la relation au sein du couple, avec la famille d'origine et avec le futur enfant. En visitant les chambres 1 \u00e0 3 de ce Hub, les futurs parents peuvent obtenir plus d'informations et prendre conscience de leurs attitudes \u00e0 l'\u00e9gard des aspects relationnels.<\/p>\n<p style=\"text-align: center;margin: 25px 0\"><img loading=\"lazy\" decoding=\"async\" class=\"size-full wp-image-3466 aligncenter\" src=\"https:\/\/www.omaep.com\/wp-content\/uploads\/2026\/02\/vicepred_3.png\" alt=\"\" width=\"764\" height=\"429\" srcset=\"https:\/\/www.omaep.com\/wp-content\/uploads\/2026\/02\/vicepred_3.png 764w, https:\/\/www.omaep.com\/wp-content\/uploads\/2026\/02\/vicepred_3-300x168.png 300w, https:\/\/www.omaep.com\/wp-content\/uploads\/2026\/02\/vicepred_3-18x10.png 18w\" sizes=\"(max-width: 764px) 100vw, 764px\" \/><\/p>\n<p style=\"font-size: 20px;line-height: 1.9;margin-bottom: 20px;color: #1f4e79\"><strong>La pi\u00e8ce 1 \u2013 Relations avec les anc\u00eatres<\/strong> les futurs parents \u00e0 mieux comprendre comment fonctionnent les influences parentales d'une g\u00e9n\u00e9ration \u00e0 l'autre. Ils peuvent choisir de mettre fin \u00e0 un cercle vicieux qu'ils ont connu dans leur enfance ou, au contraire, d'amplifier les comportements parentaux b\u00e9n\u00e9fiques qu'ils ont \u00e9galement connus dans leur propre exp\u00e9rience.<\/p>\n<p style=\"font-size: 20px;line-height: 1.9;margin-bottom: 20px;color: #1f4e79\"><strong>La pi\u00e8ce 2 \u2013 Relations de couple<\/strong> aidera les deux partenaires \u00e0 mieux comprendre les avantages et les d\u00e9fis d'une relation de couple, \u00e0 accepter plus facilement leurs diff\u00e9rences, \u00e0 choisir de vivre une relation harmonieuse pour leur bien et celui de leur enfant.<\/p>\n<p style=\"font-size: 20px;line-height: 1.9;margin-bottom: 20px;color: #1f4e79\"><strong>La pi\u00e8ce 3 - consacr\u00e9e aux relations<\/strong> avec l'enfant, les aidera \u00e0 d\u00e9couvrir diff\u00e9rentes fa\u00e7ons d'interagir avec amour et respect avec leur futur enfant.<\/p>\n<p style=\"font-size: 20px;line-height: 1.9;margin-bottom: 20px;color: #1f4e79\"><strong>Le centre d'information<\/strong> contient des informations pertinentes sur les phases de la grossesse et de l'accouchement, les \u00e9tapes du d\u00e9veloppement pr\u00e9natal de l'enfant, ainsi que des \u00e9l\u00e9ments relatifs \u00e0 un mode de vie sain et \u00e9cologique pour les futurs parents. Dans ce hub, vous pouvez visionner des vid\u00e9os, consulter un glossaire de termes, une base de donn\u00e9es contenant des r\u00e9sum\u00e9s d'\u00e9tudes scientifiques sur la p\u00e9riode pr\u00e9natale, la naissance, les aspects li\u00e9s au d\u00e9veloppement intra-ut\u00e9rin, des \u00e9tudes de cas, des doodles, des diaporamas.<\/p>\n<p style=\"text-align: center;margin: 25px 0\"><img loading=\"lazy\" decoding=\"async\" class=\"size-full wp-image-3467 aligncenter\" src=\"https:\/\/www.omaep.com\/wp-content\/uploads\/2026\/02\/vicepred_4.png\" alt=\"\" width=\"784\" height=\"413\" srcset=\"https:\/\/www.omaep.com\/wp-content\/uploads\/2026\/02\/vicepred_4.png 784w, https:\/\/www.omaep.com\/wp-content\/uploads\/2026\/02\/vicepred_4-300x158.png 300w, https:\/\/www.omaep.com\/wp-content\/uploads\/2026\/02\/vicepred_4-768x405.png 768w, https:\/\/www.omaep.com\/wp-content\/uploads\/2026\/02\/vicepred_4-18x9.png 18w\" sizes=\"(max-width: 784px) 100vw, 784px\" \/><\/p>\n<p style=\"font-size: 20px;line-height: 1.9;margin-bottom: 20px;color: #1f4e79\"><strong>La pi\u00e8ce 4<\/strong> fournit des informations sur le d\u00e9veloppement pr\u00e9natal, la grossesse et l'accouchement, aide les futurs parents \u00e0 d\u00e9couvrir comment aborder l'exp\u00e9rience myst\u00e9rieuse de la grossesse et de l'accouchement et quels sont les besoins les plus importants pour le futur enfant pendant cette p\u00e9riode cruciale de son d\u00e9veloppement.<\/p>\n<p style=\"font-size: 20px;line-height: 1.9;margin-bottom: 20px;color: #1f4e79\"><strong>La pi\u00e8ce 5<\/strong> contient un glossaire des termes et une base de donn\u00e9es d'\u00e9tudes scientifiques qui informe les futurs parents sur les termes associ\u00e9s \u00e0 cette p\u00e9riode de la vie et sur les d\u00e9couvertes scientifiques les plus importantes qui influencent la vie et la sant\u00e9 du futur \u00eatre humain<\/p>\n<p style=\"font-size: 20px;line-height: 1.9;margin-bottom: 20px;color: #1f4e79\"><strong>La pi\u00e8ce 6,<\/strong> consacr\u00e9e au mode de vie sain et \u00e9cologique, aide les futurs parents \u00e0 consolider leurs connaissances sur ce qu'il faut faire et ne pas faire pendant la grossesse. Cette salle contient environ 300 recettes culinaires pour inspirer les futurs parents \u00e0 cuisiner et, bien s\u00fbr, \u00e0 manger sainement.<\/p>\n<p style=\"font-size: 20px;line-height: 1.9;margin-bottom: 20px;color: #1f4e79\"><strong>Le Hub des comp\u00e9tences transversales<\/strong> pr\u00e9sente des applications interactives (jeux \u00e9ducatifs) pour d\u00e9velopper la cr\u00e9ativit\u00e9 pendant la grossesse (musique, mosa\u00efque, peinture) afin d'approfondir la relation avec la nature, de d\u00e9velopper des comp\u00e9tences telles que : la gestion du stress, la communication non violente, l'intelligence \u00e9motionnelle, l'imagination cr\u00e9ative, la communication avec l'enfant \u00e0 na\u00eetre, la capacit\u00e9 \u00e0 prendre des d\u00e9cisions et \u00e0 r\u00e9soudre des probl\u00e8mes, etc.<\/p>\n<p style=\"text-align: center;margin: 25px 0\"><img loading=\"lazy\" decoding=\"async\" class=\"size-full wp-image-3468 aligncenter\" src=\"https:\/\/www.omaep.com\/wp-content\/uploads\/2026\/02\/vicepred_5.png\" alt=\"\" width=\"784\" height=\"436\" srcset=\"https:\/\/www.omaep.com\/wp-content\/uploads\/2026\/02\/vicepred_5.png 784w, https:\/\/www.omaep.com\/wp-content\/uploads\/2026\/02\/vicepred_5-300x167.png 300w, https:\/\/www.omaep.com\/wp-content\/uploads\/2026\/02\/vicepred_5-768x427.png 768w, https:\/\/www.omaep.com\/wp-content\/uploads\/2026\/02\/vicepred_5-18x10.png 18w\" sizes=\"(max-width: 784px) 100vw, 784px\" \/><\/p>\n<p style=\"font-size: 20px;line-height: 1.9;margin-bottom: 20px;color: #1f4e79\"><strong>La pi\u00e8ce 7 \u2013 Cr\u00e9ativit\u00e9,<\/strong> offre aux futurs parents des sources d'inspiration sur de nouvelles fa\u00e7ons d'accro\u00eetre leur cr\u00e9ativit\u00e9 pendant et apr\u00e8s la grossesse gr\u00e2ce \u00e0 la musique, la peinture, la danse.<\/p>\n<p style=\"font-size: 20px;line-height: 1.9;margin-bottom: 20px;color: #1f4e79\"><strong>La pi\u00e8ce 8 \u2013 du lien avec la nature<\/strong> renforce leur conviction que, en contact direct avec l'environnement naturel, les futurs parents peuvent d\u00e9couvrir des moyens d'\u00eatre plus calmes, plus confiants et en meilleure sant\u00e9  pendant la grossesse et tout au long de leur vie !<\/p>\n<p style=\"font-size: 20px;line-height: 1.9;margin-bottom: 20px;color: #1f4e79\"><strong>La pi\u00e8ce 9 \u2013  des comp\u00e9tences transversales<\/strong> Comp\u00e9tences transversales aide les futurs parents \u00e0 devenir plus conscients d'eux-m\u00eames, \u00e0 se d\u00e9tendre davantage en r\u00e9duisant leur stress et \u00e0 renforcer leur intelligence \u00e9motionnelle afin de surmonter plus facilement les conflits et les d\u00e9fis pendant la grossesse et apr\u00e8s la naissance de l'enfant.<\/p>\n<p style=\"font-size: 20px;line-height: 1.9;margin-bottom: 20px;color: #1f4e79\">Chaque pi\u00e8ce est \u00e9quip\u00e9e de plusieurs applications et d'un questionnaire de satisfaction afin de recueillir les impressions et les opinions des visiteurs sur les informations et les outils qui leur ont \u00e9t\u00e9 fournis.<\/p>\n<p style=\"text-align: center;font-size: 20px;line-height: 1.9;margin-bottom: 20px;color: #1f4e79\"><strong>VISITEZ <a href=\"http:\/\/www.omaedu.ro\">www.omaedu.ro<\/a> \u2013 VICEPRED!<\/strong><\/p>                    <\/div>\n\t\t                    <\/div>\n        <\/div>\n\t\t\t\t<\/div>\n\t\t\t\t<\/div>\n\t\t\t\t\t<\/div>\n\t\t<\/div>\n\t\t\t\t\t<\/div>\n\t\t<\/section>\n\t\t\t\t<section class=\"elementor-section elementor-top-section elementor-element elementor-element-e9a8b1e elementor-section-boxed elementor-section-height-default elementor-section-height-default\" data-id=\"e9a8b1e\" data-element_type=\"section\" data-e-type=\"section\">\n\t\t\t\t\t\t<div class=\"elementor-container elementor-column-gap-default\">\n\t\t\t\t\t<div class=\"elementor-column elementor-col-100 elementor-top-column elementor-element elementor-element-afc7c29\" data-id=\"afc7c29\" data-element_type=\"column\" data-e-type=\"column\">\n\t\t\t<div class=\"elementor-widget-wrap elementor-element-populated\">\n\t\t\t\t\t\t<div class=\"elementor-element elementor-element-16c9cdf elementor-widget elementor-widget-heading\" data-id=\"16c9cdf\" data-element_type=\"widget\" data-e-type=\"widget\" data-widget_type=\"heading.default\">\n\t\t\t\t<div class=\"elementor-widget-container\">\n\t\t\t\t\t<h2 class=\"elementor-heading-title elementor-size-default\">Ev\u00e9nements<\/h2>\t\t\t\t<\/div>\n\t\t\t\t<\/div>\n\t\t\t\t<div class=\"elementor-element elementor-element-cf21f85 elementor-widget elementor-widget-accordion\" data-id=\"cf21f85\" data-element_type=\"widget\" data-e-type=\"widget\" data-widget_type=\"accordion.default\">\n\t\t\t\t<div class=\"elementor-widget-container\">\n\t\t\t\t\t\t\t<div class=\"elementor-accordion\">\n\t\t\t\t\t\t\t<div class=\"elementor-accordion-item\">\n\t\t\t\t\t<div id=\"elementor-tab-title-2171\" class=\"elementor-tab-title\" data-tab=\"1\" role=\"button\" aria-controls=\"elementor-tab-content-2171\" aria-expanded=\"false\">\n\t\t\t\t\t\t\t\t\t\t\t\t\t<span class=\"elementor-accordion-icon elementor-accordion-icon-left\" aria-hidden=\"true\">\n\t\t\t\t\t\t\t\t\t\t\t\t\t\t\t<span class=\"elementor-accordion-icon-closed\"><i class=\"fas fa-angle-double-down\"><\/i><\/span>\n\t\t\t\t\t\t\t\t<span class=\"elementor-accordion-icon-opened\"><i class=\"fas fa-minus\"><\/i><\/span>\n\t\t\t\t\t\t\t\t\t\t\t\t\t\t<\/span>\n\t\t\t\t\t\t\t\t\t\t\t\t<a class=\"elementor-accordion-title\" tabindex=\"0\">Le 2e SOMMET VIRTUEL GRATUIT<\/a>\n\t\t\t\t\t<\/div>\n\t\t\t\t\t<div id=\"elementor-tab-content-2171\" class=\"elementor-tab-content elementor-clearfix\" data-tab=\"1\" role=\"region\" aria-labelledby=\"elementor-tab-title-2171\">\n<\/p>\n<p><iframe style=\"width: 100%; max-width: 850px; height: 450px; display: block; margin: 0 auto;\" title=\"FR The Summit\" src=\"https:\/\/www.omaep.com\/wp-content\/plugins\/embedpress\/assets\/pdf-flip-book\/viewer.html?file=https%3A%2F%2Fwww.omaep.com%2Fwp-content%2Fuploads%2F2025%2F03%2FFR-The-Summit.pdf&key=dGhlbWVNb2RlPWRlZmF1bHQmdG9vbGJhcj10cnVlJnBvc2l0aW9uPXRvcCZwcmVzZW50YXRpb249dHJ1ZSZsYXp5TG9hZD1mYWxzZSZkb3dubG9hZD10cnVlJmNvcHlfdGV4dD10cnVlJmFkZF90ZXh0PXRydWUmZHJhdz10cnVlJmFkZF9pbWFnZT10cnVlJnBkZl9yb3RhdGlvbj10cnVlJnBkZl9kZXRhaWxzPXRydWUmem9vbV9pbj10cnVlJnpvb21fb3V0PXRydWUmZml0X3ZpZXc9dHJ1ZSZib29rbWFyaz10cnVlJmZsaXBib29rX3Rvb2xiYXJfcG9zaXRpb249Ym90dG9tJnNlbGVjdGlvbl90b29sPTAmc2Nyb2xsaW5nPTAmc3ByZWFkcz0tMSZpc19wcm9fYWN0aXZlPTA=\" frameborder=\"0\" data-emid=\"embedpress-pdf-f80c1ba\"><\/iframe><\/p>\n<p><iframe style=\"width: 100%; max-width: 850px; height: 450px; display: block; margin: 0 auto;\" title=\"ESP The Summit\" src=\"https:\/\/www.omaep.com\/wp-content\/plugins\/embedpress\/assets\/pdf-flip-book\/viewer.html?file=https%3A%2F%2Fwww.omaep.com%2Fwp-content%2Fuploads%2F2025%2F03%2FESP-The-Summit.pdf&key=dGhlbWVNb2RlPWRlZmF1bHQmdG9vbGJhcj10cnVlJnBvc2l0aW9uPXRvcCZwcmVzZW50YXRpb249dHJ1ZSZsYXp5TG9hZD1mYWxzZSZkb3dubG9hZD10cnVlJmNvcHlfdGV4dD10cnVlJmFkZF90ZXh0PXRydWUmZHJhdz10cnVlJmFkZF9pbWFnZT10cnVlJnBkZl9yb3RhdGlvbj10cnVlJnBkZl9kZXRhaWxzPXRydWUmem9vbV9pbj10cnVlJnpvb21fb3V0PXRydWUmZml0X3ZpZXc9dHJ1ZSZib29rbWFyaz10cnVlJmZsaXBib29rX3Rvb2xiYXJfcG9zaXRpb249Ym90dG9tJnNlbGVjdGlvbl90b29sPTAmc2Nyb2xsaW5nPTAmc3ByZWFkcz0tMSZpc19wcm9fYWN0aXZlPTA=\" frameborder=\"0\" data-emid=\"embedpress-pdf-ed5de63\"><\/iframe><\/p>\n<p><\/div>\n\t\t\t\t<\/div>\n\t\t\t\t\t\t\t<div class=\"elementor-accordion-item\">\n\t\t\t\t\t<div id=\"elementor-tab-title-2172\" class=\"elementor-tab-title\" data-tab=\"2\" role=\"button\" aria-controls=\"elementor-tab-content-2172\" aria-expanded=\"false\">\n\t\t\t\t\t\t\t\t\t\t\t\t\t<span class=\"elementor-accordion-icon elementor-accordion-icon-left\" aria-hidden=\"true\">\n\t\t\t\t\t\t\t\t\t\t\t\t\t\t\t<span class=\"elementor-accordion-icon-closed\"><i class=\"fas fa-angle-double-down\"><\/i><\/span>\n\t\t\t\t\t\t\t\t<span class=\"elementor-accordion-icon-opened\"><i class=\"fas fa-minus\"><\/i><\/span>\n\t\t\t\t\t\t\t\t\t\t\t\t\t\t<\/span>\n\t\t\t\t\t\t\t\t\t\t\t\t<a class=\"elementor-accordion-title\" tabindex=\"0\">Le 1er CONGRES INTERNATIONAL<\/a>\n\t\t\t\t\t<\/div>\n\t\t\t\t\t<div id=\"elementor-tab-content-2172\" class=\"elementor-tab-content elementor-clearfix\" data-tab=\"2\" role=\"region\" aria-labelledby=\"elementor-tab-title-2172\">\n <iframe style=\"width: 800%!important; height: 400px; ; max-width: 100%; display: inline-block;\" title=\"FR First International Congres\" src=\"https:\/\/www.omaep.com\/wp-content\/plugins\/embedpress\/assets\/pdf-flip-book\/viewer.html?file=https%3A%2F%2Fwww.omaep.com%2Fwp-content%2Fuploads%2F2025%2F03%2FFR-First-International-Congres.pdf&key=dGhlbWVNb2RlPWRlZmF1bHQmdG9vbGJhcj10cnVlJnBvc2l0aW9uPXRvcCZwcmVzZW50YXRpb249dHJ1ZSZsYXp5TG9hZD1mYWxzZSZkb3dubG9hZD10cnVlJmNvcHlfdGV4dD10cnVlJmFkZF90ZXh0PXRydWUmZHJhdz10cnVlJmFkZF9pbWFnZT10cnVlJnBkZl9yb3RhdGlvbj10cnVlJnBkZl9kZXRhaWxzPXRydWUmem9vbV9pbj10cnVlJnpvb21fb3V0PXRydWUmZml0X3ZpZXc9dHJ1ZSZib29rbWFyaz10cnVlJmZsaXBib29rX3Rvb2xiYXJfcG9zaXRpb249Ym90dG9tJnNlbGVjdGlvbl90b29sPTAmc2Nyb2xsaW5nPTAmc3ByZWFkcz0tMSZpc19wcm9fYWN0aXZlPTA=\" frameborder=\"0\" data-emid=\"embedpress-pdf-f80c1ba\"><\/iframe> <iframe style=\"width: 800%!important; height: 400px; ; max-width: 100%; display: inline-block;\" title=\"ESP First International Congres\" src=\"https:\/\/www.omaep.com\/wp-content\/plugins\/embedpress\/assets\/pdf-flip-book\/viewer.html?file=https%3A%2F%2Fwww.omaep.com%2Fwp-content%2Fuploads%2F2025%2F03%2FESP-First-International-Congres.pdf&key=dGhlbWVNb2RlPWRlZmF1bHQmdG9vbGJhcj10cnVlJnBvc2l0aW9uPXRvcCZwcmVzZW50YXRpb249dHJ1ZSZsYXp5TG9hZD1mYWxzZSZkb3dubG9hZD10cnVlJmNvcHlfdGV4dD10cnVlJmFkZF90ZXh0PXRydWUmZHJhdz10cnVlJmFkZF9pbWFnZT10cnVlJnBkZl9yb3RhdGlvbj10cnVlJnBkZl9kZXRhaWxzPXRydWUmem9vbV9pbj10cnVlJnpvb21fb3V0PXRydWUmZml0X3ZpZXc9dHJ1ZSZib29rbWFyaz10cnVlJmZsaXBib29rX3Rvb2xiYXJfcG9zaXRpb249Ym90dG9tJnNlbGVjdGlvbl90b29sPTAmc2Nyb2xsaW5nPTAmc3ByZWFkcz0tMSZpc19wcm9fYWN0aXZlPTA=\" frameborder=\"0\" data-emid=\"embedpress-pdf-968c27b\"><\/iframe> <\/div>\n\t\t\t\t<\/div>\n\t\t\t\t\t\t\t<div class=\"elementor-accordion-item\">\n\t\t\t\t\t<div id=\"elementor-tab-title-2173\" class=\"elementor-tab-title\" data-tab=\"3\" role=\"button\" aria-controls=\"elementor-tab-content-2173\" aria-expanded=\"false\">\n\t\t\t\t\t\t\t\t\t\t\t\t\t<span class=\"elementor-accordion-icon elementor-accordion-icon-left\" aria-hidden=\"true\">\n\t\t\t\t\t\t\t\t\t\t\t\t\t\t\t<span class=\"elementor-accordion-icon-closed\"><i class=\"fas fa-angle-double-down\"><\/i><\/span>\n\t\t\t\t\t\t\t\t<span class=\"elementor-accordion-icon-opened\"><i class=\"fas fa-minus\"><\/i><\/span>\n\t\t\t\t\t\t\t\t\t\t\t\t\t\t<\/span>\n\t\t\t\t\t\t\t\t\t\t\t\t<a class=\"elementor-accordion-title\" tabindex=\"0\">Premi\u00e8res Journ\u00e9es Internationales de P\u00e9dagogie Pr\u00e9natale<\/a>\n\t\t\t\t\t<\/div>\n\t\t\t\t\t<div id=\"elementor-tab-content-2173\" class=\"elementor-tab-content elementor-clearfix\" data-tab=\"3\" role=\"region\" aria-labelledby=\"elementor-tab-title-2173\"><p><a href=\"https:\/\/www.omaep.com\/wp-content\/uploads\/2020\/11\/pedagogie-prenatale.jpg\" rel=\"attachment wp-att-1870\"><img loading=\"lazy\" decoding=\"async\" class=\"alignleft wp-image-1870 size-medium\" src=\"https:\/\/www.omaep.com\/wp-content\/uploads\/2020\/11\/pedagogie-prenatale.jpg\" alt=\"\" width=\"218\" height=\"300\" srcset=\"https:\/\/www.omaep.com\/wp-content\/uploads\/2020\/11\/pedagogie-prenatale.jpg 699w, https:\/\/www.omaep.com\/wp-content\/uploads\/2020\/11\/pedagogie-prenatale-218x300.jpg 218w, https:\/\/www.omaep.com\/wp-content\/uploads\/2020\/11\/pedagogie-prenatale-9x12.jpg 9w\" sizes=\"(max-width: 218px) 100vw, 218px\" \/><\/a><\/p>\n<p>\u00a0<\/p>\n<p>Cet \u00e9v\u00e9nement se d\u00e9roulera sous forme virtuelle les 18 et 19 novembre 2020.<\/p>\n<p>\u00a0<\/p>\n<p>Ces Journ\u00e9es sont organis\u00e9es par l\u2019Universit\u00e9 Autonome de Madrid, par REDIPE (R\u00e9seau de P\u00e9dagogie d\u2019Am\u00e9rique latine), et par l\u2019ANEP, Association Nationale d\u2019\u00c9ducation Pr\u00e9natale (Espagne).<\/p>\n<p>\u00a0<\/p>\n<p>Plus d\u2019informations en cliquant sur le lien suivant : <a href=\"https:\/\/pedagogiaprenatal.es\">https:\/\/pedagogiaprenatal.es<\/a><\/p>\n<p>\u00a0<\/p>\n<p>Et aussi pour plus d\u2019informations en fran\u00e7ais, cliquez dans ce lien sur \u00ab  I Jornadas Internacionales \u00bb Les 18 et 19 novembre, vous pourrez acc\u00e9der gratuitement, via ce m\u00eame lien, aux vid\u00e9os et conf\u00e9rences propos\u00e9es.<\/p><\/div>\n\t\t\t\t<\/div>\n\t\t\t\t\t\t\t<div class=\"elementor-accordion-item\">\n\t\t\t\t\t<div id=\"elementor-tab-title-2174\" class=\"elementor-tab-title\" data-tab=\"4\" role=\"button\" aria-controls=\"elementor-tab-content-2174\" aria-expanded=\"false\">\n\t\t\t\t\t\t\t\t\t\t\t\t\t<span class=\"elementor-accordion-icon elementor-accordion-icon-left\" aria-hidden=\"true\">\n\t\t\t\t\t\t\t\t\t\t\t\t\t\t\t<span class=\"elementor-accordion-icon-closed\"><i class=\"fas fa-angle-double-down\"><\/i><\/span>\n\t\t\t\t\t\t\t\t<span class=\"elementor-accordion-icon-opened\"><i class=\"fas fa-minus\"><\/i><\/span>\n\t\t\t\t\t\t\t\t\t\t\t\t\t\t<\/span>\n\t\t\t\t\t\t\t\t\t\t\t\t<a class=\"elementor-accordion-title\" tabindex=\"0\">Jornadas Internacionales de Pedagog\u00eda Prenatal espa\u00f1ol<\/a>\n\t\t\t\t\t<\/div>\n\t\t\t\t\t<div id=\"elementor-tab-content-2174\" class=\"elementor-tab-content elementor-clearfix\" data-tab=\"4\" role=\"region\" aria-labelledby=\"elementor-tab-title-2174\"><p style=\"text-align: center;\"><a href=\"https:\/\/www.omaep.com\/wp-content\/uploads\/2020\/11\/pedagogia-prenatal.png\" rel=\"attachment wp-att-1871\"><img loading=\"lazy\" decoding=\"async\" class=\"alignleft wp-image-1871 size-medium\" src=\"https:\/\/www.omaep.com\/wp-content\/uploads\/2020\/11\/pedagogia-prenatal-212x300.png\" alt=\"\" width=\"212\" height=\"300\" srcset=\"https:\/\/www.omaep.com\/wp-content\/uploads\/2020\/11\/pedagogia-prenatal-212x300.png 212w, https:\/\/www.omaep.com\/wp-content\/uploads\/2020\/11\/pedagogia-prenatal-8x12.png 8w, https:\/\/www.omaep.com\/wp-content\/uploads\/2020\/11\/pedagogia-prenatal.png 500w\" sizes=\"(max-width: 212px) 100vw, 212px\" \/><\/a> Este evento se celebrar\u00e1 los d\u00edas 18 y 19 de noviembre<\/p>\n<p style=\"text-align: center;\">En modalidad virtual<\/p>\n<p>\u00a0<\/p>\n<p style=\"text-align: center;\">Est\u00e1 organizado por la Universidad Aut\u00f3noma de Madrid<\/p>\n<p style=\"text-align: center;\">La Red Iberoamericana de Pedagog\u00eda, REDIPE<\/p>\n<p style=\"text-align: center;\">La Asociaci\u00f3n Nacional de Educaci\u00f3n Prenatal, ANEP (Espa\u00f1a)<\/p>\n<p>\u00a0<\/p>\n<p style=\"text-align: center;\">Para m\u00e1s informaci\u00f3n, entrar en:<\/p>\n<p style=\"text-align: center;\"><a href=\"https:\/\/pedagogiaprenatal.es\">https:\/\/pedagogiaprenatal.es<\/a><\/p><\/div>\n\t\t\t\t<\/div>\n\t\t\t\t\t\t\t<div class=\"elementor-accordion-item\">\n\t\t\t\t\t<div id=\"elementor-tab-title-2175\" class=\"elementor-tab-title\" data-tab=\"5\" role=\"button\" aria-controls=\"elementor-tab-content-2175\" aria-expanded=\"false\">\n\t\t\t\t\t\t\t\t\t\t\t\t\t<span class=\"elementor-accordion-icon elementor-accordion-icon-left\" aria-hidden=\"true\">\n\t\t\t\t\t\t\t\t\t\t\t\t\t\t\t<span class=\"elementor-accordion-icon-closed\"><i class=\"fas fa-angle-double-down\"><\/i><\/span>\n\t\t\t\t\t\t\t\t<span class=\"elementor-accordion-icon-opened\"><i class=\"fas fa-minus\"><\/i><\/span>\n\t\t\t\t\t\t\t\t\t\t\t\t\t\t<\/span>\n\t\t\t\t\t\t\t\t\t\t\t\t<a class=\"elementor-accordion-title\" tabindex=\"0\">PARTICIPATIONS UN WOMEN 2020<\/a>\n\t\t\t\t\t<\/div>\n\t\t\t\t\t<div id=\"elementor-tab-content-2175\" class=\"elementor-tab-content elementor-clearfix\" data-tab=\"5\" role=\"region\" aria-labelledby=\"elementor-tab-title-2175\"><p><img loading=\"lazy\" decoding=\"async\" class=\"aligncenter size-full wp-image-1541\" src=\"https:\/\/www.omaep.com\/wp-content\/uploads\/2020\/09\/flags.jpg\" alt=\"\" width=\"945\" height=\"630\" srcset=\"https:\/\/www.omaep.com\/wp-content\/uploads\/2020\/09\/flags.jpg 945w, https:\/\/www.omaep.com\/wp-content\/uploads\/2020\/09\/flags-300x200.jpg 300w, https:\/\/www.omaep.com\/wp-content\/uploads\/2020\/09\/flags-768x512.jpg 768w\" sizes=\"(max-width: 945px) 100vw, 945px\" \/><\/p>\n<p class=\"translation-block\">1-Mardi 21 juillet 2020 :<\/p>\n<p style=\"padding-left: 40px;\">Nom de la rencontre: Virtual Multi-Stakeholder Hearing \u201cAccelerating the realization of gender equality and the empowerment of all women and girls\u201d in preparation of the General Assembly high-level meeting on Beijing+25<\/p>\n<p style=\"padding-left: 40px;\">Date: 21 July 2020 \u2013 10am-5pm EDT<\/p>\n<p style=\"padding-left: 40px;\">Organisateur:  UN Women \u00b7 405 E 42nd St \u00b7 New York, NY 10017-3507 \u00b7 USA \u2013<\/p>\n<p style=\"padding-left: 40px;\">R\u00e9sum\u00e9 : Apr\u00e8s 25 ans des d\u00e9cisions prises \u00e0 Beijing, aucun pays n\u2019a encore r\u00e9ussi \u00e0 r\u00e9aliser l\u2019\u00e9galit\u00e9 des genres. Nous vivons toujours dans un patriarcat qui emp\u00eache une \u00e9volution saine de l\u2019humanit\u00e9. Les ODD ne pourront exister que lorsqu\u2019il y aura autant de femmes que d\u2019hommes au pouvoir.<\/p>\n<p style=\"padding-left: 40px;\">On a beaucoup parl\u00e9 de l\u2019effet du Covid-19 sur la d\u00e9gradation de l\u2019\u00e9galit\u00e9 de genre dans pratiquement tous les pays. Les femmes ayant d\u00fb rester \u00e0 la maison pour garder les enfants ; et il n\u2019existe toujours aucune fa\u00e7on de r\u00e9mun\u00e9rer ce travail de soins effectuer \u00e0 la maison.<\/p>\n<p style=\"padding-left: 40px;\">Hommes et gar\u00e7ons doivent devenir des acteurs dans l\u2019\u00e9galit\u00e9 des sexes d\u2019autant plus en pr\u00e9sence des difficult\u00e9s amen\u00e9es par le Covid-19. L\u2019homme doit devenir un alli\u00e9 pour les femmes dans tous les secteurs, public-minist\u00e9riel, priv\u00e9-entreprises, \u00e9coles-universit\u00e9s et domicile.<\/p>\n<p style=\"padding-left: 40px;\">Il faut \u00e9duquer les enfants dans les \u00e9coles d\u00e8s le plus jeune \u00e2ge, dans la notion d\u2019\u00e9galit\u00e9 de genre, de respect et de bienveillance.<\/p>\n<p><img loading=\"lazy\" decoding=\"async\" class=\"aligncenter size-full wp-image-1543\" src=\"https:\/\/www.omaep.com\/wp-content\/uploads\/2020\/09\/painting.jpg\" alt=\"\" width=\"908\" height=\"605\" srcset=\"https:\/\/www.omaep.com\/wp-content\/uploads\/2020\/09\/painting.jpg 908w, https:\/\/www.omaep.com\/wp-content\/uploads\/2020\/09\/painting-300x200.jpg 300w, https:\/\/www.omaep.com\/wp-content\/uploads\/2020\/09\/painting-768x512.jpg 768w\" sizes=\"(max-width: 908px) 100vw, 908px\" \/><\/p>\n<p>2- Le 12 aout 2020 12 :30 PM \u2013 14 :30 PM EDT<\/p>\n<p style=\"padding-left: 40px;\">Nom de la rencontre : UN Women International Youth Day 2020 Celebrations<\/p>\n<p style=\"padding-left: 40px;\">Lieu : virtuel<\/p>\n<p style=\"padding-left: 40px;\">Organisateur: UN women<\/p>\n<p style=\"padding-left: 40px;\">R\u00e9sum\u00e9 : J\u2019ai \u00e9t\u00e9 positivement surprise par la d\u00e9termination de toutes ces jeunes femmes leaders, sachant ce qu\u2019elles veulent et \u00e9tant pr\u00eates \u00e0 se battre pour un monde meilleur. Cet \u00e9v\u00e9nement montre l\u2019importance de laisser les jeunes s\u2019exprimer parce qu\u2019elles veulent participer \u00e0 l\u2019\u00e9laboration du futur. Elles sont cr\u00e9atives et pleines de joie de vivre, elles apportent l\u2019espoir \u00e0 notre humanit\u00e9.<\/p>\n<p>\u00a0<\/p>\n<p>3- 19 of august 2020 \u2013 15:00 (CEST) \u2013 last 45 minutes<\/p>\n<p style=\"padding-left: 40px;\">Name: Geneva World Humanitarian Day Commemoration \u2013 Annual observance of World Humanitarian Day<\/p>\n<p style=\"padding-left: 40px;\">Lieu: Palais des Nations \u00e0 Gen\u00e8ve<\/p>\n<p style=\"padding-left: 40px;\">Organisateur: la comm\u00e9moration est organis\u00e9e en collaboration avec le bureau des Nations Unies pour la Coordination des Affaires Humanitaires (OCHA)<\/p>\n<p style=\"padding-left: 40px;\">R\u00e9sum\u00e9 : Cette comm\u00e9moration bien qu\u2019elle soit suivie en ligne \u00e9tait tr\u00e8s \u00e9mouvante. Au-del\u00e0 des 22 victimes de Bagdad il a \u00e9t\u00e9 mentionn\u00e9 de nombreux autres travailleurs humanitaires de l\u2019ONU tu\u00e9s, bless\u00e9s ou kidnapp\u00e9s dans plusieurs pays du monde entier. Ces travailleurs prennent le risque de leur vie afin d\u2019aider les personnes d\u00e9munies de leurs simples droits humains. Plusieurs d\u2019entre eux reviennent de leur mission humanitaire affaiblis physiquement et psychologiquement car leur lieu d\u2019affectation sur le terrain est difficile voire dangereux. C\u2019est parce qu\u2019ils portent haut les id\u00e9aux humanitaires de l\u2019ONU qu\u2019ils se sacrifient pour aider les autres dans l\u2019espoir de cr\u00e9er un avenir meilleur pour l\u2019humanit\u00e9. Ils se sentent unis aux autres et savent que l\u2019humanit\u00e9 est UNE.<\/p>\n<p>\u00a0<\/p>\n<p>4-31 ao\u00fbt 2020<\/p>\n<p style=\"padding-left: 40px;\">Nom: R\u00e9union publique virtuelle de la soci\u00e9t\u00e9 civile et du Secr\u00e9taire g\u00e9n\u00e9ral des Nations Unies Ant\u00f3nio Guterres<\/p>\n<p style=\"padding-left: 40px;\">Heure: 10:00am \u2013 11:15am EST<\/p>\n<p style=\"padding-left: 40px;\">Organisateur:  UN Women Executive Director, Phumzile Mlambo-Ngcuka<\/p>\n<p style=\"padding-left: 40px;\">UN Women \u00b7 405 E 42nd St \u00b7 New York, NY 10017-3507 \u00b7 USA<\/p>\n<p style=\"padding-left: 40px;\">R\u00e9sum\u00e9 : La soci\u00e9t\u00e9 civile des femmes partage leurs exp\u00e9riences de l'impact de la pand\u00e9mie et leurs recommandations \u00e0 l'ONU pour faire face \u00e0 la crise et permettre la reconstruction d'un avenir plus durable et inclusif. Elle exprime son r\u00f4le dans la protection et la promotion des droits et de l'action des femmes dans ce nouveau contexte.<\/p>\n<p style=\"padding-left: 40px;\">Cette crise montre que nous devons nous avons une importante bataille \u00e0 mener contre ceux qui pensent qu\u2019ils peuvent r\u00e9soudre la situation actuelle tout seul. Nous devons trouver des solutions internationales tous ensemble.<\/p>\n<p style=\"padding-left: 40px;\">Il y a deux fa\u00e7ons de r\u00e9agir : au niveau global il faut travailler avec les gouvernements en leur donnant des recommandations \u00e0 suivre, ceci est une goutte d\u2019eau dans l\u2019oc\u00e9an ; au niveau inclusif il faut redistribuer le pouvoir \u00e0 travers une r\u00e9elle d\u00e9mocratie o\u00f9 les gouvernements, associations, organisations, soci\u00e9t\u00e9s civiles et les associations de jeunes travaillent tous ensemble. Les jeunes doivent \u00eatre pr\u00e9sents partout y compris au gouvernement, ils doivent \u00eatre aid\u00e9s afin de devenir des organisations officielles.<\/p>\n<p><img loading=\"lazy\" decoding=\"async\" class=\"aligncenter size-full wp-image-1544\" src=\"https:\/\/www.omaep.com\/wp-content\/uploads\/2020\/09\/women.jpg\" alt=\"\" width=\"1386\" height=\"925\" srcset=\"https:\/\/www.omaep.com\/wp-content\/uploads\/2020\/09\/women.jpg 1386w, https:\/\/www.omaep.com\/wp-content\/uploads\/2020\/09\/women-300x200.jpg 300w, https:\/\/www.omaep.com\/wp-content\/uploads\/2020\/09\/women-1024x683.jpg 1024w, https:\/\/www.omaep.com\/wp-content\/uploads\/2020\/09\/women-768x513.jpg 768w\" sizes=\"(max-width: 1386px) 100vw, 1386px\" \/><\/p><\/div>\n\t\t\t\t<\/div>\n\t\t\t\t\t\t\t<div class=\"elementor-accordion-item\">\n\t\t\t\t\t<div id=\"elementor-tab-title-2176\" class=\"elementor-tab-title\" data-tab=\"6\" role=\"button\" aria-controls=\"elementor-tab-content-2176\" aria-expanded=\"false\">\n\t\t\t\t\t\t\t\t\t\t\t\t\t<span class=\"elementor-accordion-icon elementor-accordion-icon-left\" aria-hidden=\"true\">\n\t\t\t\t\t\t\t\t\t\t\t\t\t\t\t<span class=\"elementor-accordion-icon-closed\"><i class=\"fas fa-angle-double-down\"><\/i><\/span>\n\t\t\t\t\t\t\t\t<span class=\"elementor-accordion-icon-opened\"><i class=\"fas fa-minus\"><\/i><\/span>\n\t\t\t\t\t\t\t\t\t\t\t\t\t\t<\/span>\n\t\t\t\t\t\t\t\t\t\t\t\t<a class=\"elementor-accordion-title\" tabindex=\"0\">Le Serment de l' humanit\u00e9 2020<\/a>\n\t\t\t\t\t<\/div>\n\t\t\t\t\t<div id=\"elementor-tab-content-2176\" class=\"elementor-tab-content elementor-clearfix\" data-tab=\"6\" role=\"region\" aria-labelledby=\"elementor-tab-title-2176\">\n<div class=\"alignnormal\"><div id=\"metaslider-id-1728\" style=\"max-width: 700px; margin: 0 auto;\" class=\"ml-slider-3-108-0 metaslider metaslider-nivo metaslider-1728 ml-slider has-dots-nav ms-theme-simply-dark\" role=\"region\" aria-label=\"New Slideshow\" data-height=\"300\" data-width=\"700\">\n    <div id=\"metaslider_container_1728\">\n        <div class='slider-wrapper theme-default'><div class='ribbon'><\/div><div id='metaslider_1728' class='nivoSlider'><img loading=\"lazy\" decoding=\"async\" width=\"904\" height=\"1270\" src=\"https:\/\/www.omaep.com\/wp-content\/uploads\/2020\/10\/BinderSoiree-sermentdelhumanite2020sept_A5-compress-_page-0001.jpg\" class=\"slider-1728 slide-1729 msDefaultImage\" alt=\"\" data-caption=\"\" data-thumb=\"\" title=\"BinderSoir\u00e9e-sermentdelhumanite2020sept_A5 compress _page-0001\" rel=\"\" srcset=\"https:\/\/www.omaep.com\/wp-content\/uploads\/2020\/10\/BinderSoiree-sermentdelhumanite2020sept_A5-compress-_page-0001.jpg 904w, https:\/\/www.omaep.com\/wp-content\/uploads\/2020\/10\/BinderSoiree-sermentdelhumanite2020sept_A5-compress-_page-0001-214x300.jpg 214w, https:\/\/www.omaep.com\/wp-content\/uploads\/2020\/10\/BinderSoiree-sermentdelhumanite2020sept_A5-compress-_page-0001-729x1024.jpg 729w, https:\/\/www.omaep.com\/wp-content\/uploads\/2020\/10\/BinderSoiree-sermentdelhumanite2020sept_A5-compress-_page-0001-768x1079.jpg 768w\" sizes=\"(max-width: 904px) 100vw, 904px\" \/><img loading=\"lazy\" decoding=\"async\" width=\"881\" height=\"1242\" src=\"https:\/\/www.omaep.com\/wp-content\/uploads\/2020\/10\/BinderSoiree-sermentdelhumanite2020sept_A5-compress-_page-0002.jpg\" class=\"slider-1728 slide-1730 msDefaultImage\" alt=\"\" data-caption=\"\" data-thumb=\"\" title=\"BinderSoir\u00e9e-sermentdelhumanite2020sept_A5 compress _page-0002\" rel=\"\" srcset=\"https:\/\/www.omaep.com\/wp-content\/uploads\/2020\/10\/BinderSoiree-sermentdelhumanite2020sept_A5-compress-_page-0002.jpg 881w, https:\/\/www.omaep.com\/wp-content\/uploads\/2020\/10\/BinderSoiree-sermentdelhumanite2020sept_A5-compress-_page-0002-213x300.jpg 213w, https:\/\/www.omaep.com\/wp-content\/uploads\/2020\/10\/BinderSoiree-sermentdelhumanite2020sept_A5-compress-_page-0002-726x1024.jpg 726w, https:\/\/www.omaep.com\/wp-content\/uploads\/2020\/10\/BinderSoiree-sermentdelhumanite2020sept_A5-compress-_page-0002-768x1083.jpg 768w\" sizes=\"(max-width: 881px) 100vw, 881px\" \/><img loading=\"lazy\" decoding=\"async\" width=\"875\" height=\"1241\" src=\"https:\/\/www.omaep.com\/wp-content\/uploads\/2020\/10\/BinderSoiree-sermentdelhumanite2020sept_A5-compress-_page-0003.jpg\" class=\"slider-1728 slide-1731 msDefaultImage\" alt=\"\" data-caption=\"\" data-thumb=\"\" title=\"BinderSoir\u00e9e-sermentdelhumanite2020sept_A5 compress _page-0003\" rel=\"\" srcset=\"https:\/\/www.omaep.com\/wp-content\/uploads\/2020\/10\/BinderSoiree-sermentdelhumanite2020sept_A5-compress-_page-0003.jpg 875w, https:\/\/www.omaep.com\/wp-content\/uploads\/2020\/10\/BinderSoiree-sermentdelhumanite2020sept_A5-compress-_page-0003-212x300.jpg 212w, https:\/\/www.omaep.com\/wp-content\/uploads\/2020\/10\/BinderSoiree-sermentdelhumanite2020sept_A5-compress-_page-0003-722x1024.jpg 722w, https:\/\/www.omaep.com\/wp-content\/uploads\/2020\/10\/BinderSoiree-sermentdelhumanite2020sept_A5-compress-_page-0003-768x1089.jpg 768w\" sizes=\"(max-width: 875px) 100vw, 875px\" \/><\/div><\/div>\n        \n    <\/div>\n<\/div><\/div>\n<\/div>\n\t\t\t\t<\/div>\n\t\t\t\t\t\t\t<div class=\"elementor-accordion-item\">\n\t\t\t\t\t<div id=\"elementor-tab-title-2177\" class=\"elementor-tab-title\" data-tab=\"7\" role=\"button\" aria-controls=\"elementor-tab-content-2177\" aria-expanded=\"false\">\n\t\t\t\t\t\t\t\t\t\t\t\t\t<span class=\"elementor-accordion-icon elementor-accordion-icon-left\" aria-hidden=\"true\">\n\t\t\t\t\t\t\t\t\t\t\t\t\t\t\t<span class=\"elementor-accordion-icon-closed\"><i class=\"fas fa-angle-double-down\"><\/i><\/span>\n\t\t\t\t\t\t\t\t<span class=\"elementor-accordion-icon-opened\"><i class=\"fas fa-minus\"><\/i><\/span>\n\t\t\t\t\t\t\t\t\t\t\t\t\t\t<\/span>\n\t\t\t\t\t\t\t\t\t\t\t\t<a class=\"elementor-accordion-title\" tabindex=\"0\">6.000 femmes venues du monde entier !<\/a>\n\t\t\t\t\t<\/div>\n\t\t\t\t\t<div id=\"elementor-tab-content-2177\" class=\"elementor-tab-content elementor-clearfix\" data-tab=\"7\" role=\"region\" aria-labelledby=\"elementor-tab-title-2177\"><p>Si une seule femme peut d\u00e9j\u00e0 causer un tapage, imaginez, donc 6.000 femmes du monde entier r\u00e9unies dans un seul endroit dans le but de pr\u00e9senter et d\u00e9fendre leurs causes. \u00c9trange, pour le moins, ou amusant. Mais selon moi, \u00e9mouvant.<br \/><img loading=\"lazy\" decoding=\"async\" class=\"aligncenter size-full wp-image-1791\" src=\"https:\/\/www.omaep.com\/wp-content\/uploads\/2020\/10\/earth.jpg\" alt=\"\" width=\"1431\" height=\"1001\" srcset=\"https:\/\/www.omaep.com\/wp-content\/uploads\/2020\/10\/earth.jpg 1431w, https:\/\/www.omaep.com\/wp-content\/uploads\/2020\/10\/earth-300x210.jpg 300w, https:\/\/www.omaep.com\/wp-content\/uploads\/2020\/10\/earth-1024x716.jpg 1024w, https:\/\/www.omaep.com\/wp-content\/uploads\/2020\/10\/earth-768x537.jpg 768w, https:\/\/www.omaep.com\/wp-content\/uploads\/2020\/10\/earth-16x12.jpg 16w\" sizes=\"(max-width: 1431px) 100vw, 1431px\" \/><br \/>Le samedi 2 mars 2013, \u00e0 New York, ma fille de 14 ans et moi sortons de la gare Grand Central Station et marchons vers le si\u00e8ge de l\u2019ONU. Je sens tout de suite que quelque chose de diff\u00e9rent et magique va se passer. Dans la Rue 44, nous rejoignons un groupe de femmes venues de l\u2019Inde, qui marchent d\u2019un pas d\u00e9cid\u00e9 et semblent tr\u00e8s convaincues de leur cause. Puis quelques chinoises nous embo\u00eetent le pas. Et un peu plus \u00e0 l\u2019avant, il y a des africaines avec leurs beaux turbans. En arrivant devant le si\u00e8ge des Nations Unies, j\u2019aper\u00e7ois une voiture arr\u00eat\u00e9e et aupr\u00e8s d\u2019elle une femme dit au revoir \u00e0 son mari. Son visage m\u2019est familier, je l\u2019ai d\u00e9j\u00e0 vue sur Facebook, c\u2019est Barbara Pellegrini, une des personnes du groupe de l\u2019OMAEP (Organisation Mondiale des Associations pour l\u2019\u00c9ducation Pr\u00e9natale). Quelle est la probabilit\u00e9 d\u2019arriver exactement en m\u00eame temps qu\u2019une des six personnes que je connais, parmi 6.ooo femmes ? Oui, une chance sur mille. \u00c0 partir de cet instant, je n\u2019ai plus aucun doute que les journ\u00e9es \u00e0 venir seront d\u2019une grande importance.<\/p>\n<p>The themes are overwhelming, my heart sinks as I go over the titles of the sessions of this CSW57 (57th Session of the Commission on the Status of Women), which addresses the violence against women and girls. Among these titles: How to end domestic violence; Sexual exploitation; Genital mutilation; Girl Trafficking; Underage Marriage\u2026 my God, how has humanity come to this???<\/p>\n<p>So many people reporting data, statistics, denouncing the extent of the wound and its depth, yet most solutions are reduced to treaties. A large number of countries signed the Beijing Treaty created at the 4th World Conference on Women in Beijing in 1995, which identified violence against women as one of the twelve challenges of the future requiring special attention and the adoption of measures by governments, the international community as well as civil society\u2026 Was this enough?<\/p>\n<p>La bonne nouvelle est que l\u2019OMAEP et la FEFAF (F\u00e9d\u00e9ration Europ\u00e9enne des Femmes Actives en Famille) ont organis\u00e9 un \u00e9v\u00e8nement \u00e0 ce CSW57 sur l\u2019importance de la pr\u00e9vention de la violence et comment cette pr\u00e9vention d\u00e9bute au tout d\u00e9but de la vie, d\u00e8s le ventre maternel ! Leur table ronde a \u00e9t\u00e9 un succ\u00e8s et l\u2019audience a bien re\u00e7u le message qu\u2019en cr\u00e9ant une ambiance d\u2019amour, d\u2019harmonie e de tranquillit\u00e9 pour les femmes enceintes et leurs conjoints, l\u2019on r\u00e9duit sensiblement la violence ainsi que l\u2019\u00e9nergie et les d\u00e9penses employ\u00e9es \u00e0 rem\u00e9dier et combattre cette violence.<br \/><img loading=\"lazy\" decoding=\"async\" class=\"aligncenter size-full wp-image-1789\" src=\"https:\/\/www.omaep.com\/wp-content\/uploads\/2020\/10\/tree.jpg\" alt=\"\" width=\"1430\" height=\"915\" srcset=\"https:\/\/www.omaep.com\/wp-content\/uploads\/2020\/10\/tree.jpg 1430w, https:\/\/www.omaep.com\/wp-content\/uploads\/2020\/10\/tree-300x192.jpg 300w, https:\/\/www.omaep.com\/wp-content\/uploads\/2020\/10\/tree-1024x655.jpg 1024w, https:\/\/www.omaep.com\/wp-content\/uploads\/2020\/10\/tree-768x491.jpg 768w, https:\/\/www.omaep.com\/wp-content\/uploads\/2020\/10\/tree-16x10.jpg 16w\" sizes=\"(max-width: 1430px) 100vw, 1430px\" \/><br \/>Il s\u2019agit en effet d\u2019agir sur la cause, de l\u2019int\u00e9rieur vers l\u2019ext\u00e9rieur.<br \/>Lorsqu\u2019un arbre commence \u00e0 bourgeonner et n\u2019a gu\u00e8re d\u2019espace pour cro\u00eetre, il se tord et se retord afin de trouver co\u00fbte que co\u00fbte sa place au soleil, car la survie est ce qui importe le plus. Une fois que cet arbre est adulte, il est tr\u00e8s difficile de corriger sa forme et en essayant de le faire, on risque m\u00eame de le casser. Mais si quand la tige est encore fr\u00eale, sortant juste de terre, on lui ouvre un espace en nous, dans notre vie personnelle et dans la soci\u00e9t\u00e9, elle cro\u00eet droite et confiante et plus tard occupe sa place dans le monde et donne ses fruits !<\/p><\/div>\n\t\t\t\t<\/div>\n\t\t\t\t\t\t\t<div class=\"elementor-accordion-item\">\n\t\t\t\t\t<div id=\"elementor-tab-title-2178\" class=\"elementor-tab-title\" data-tab=\"8\" role=\"button\" aria-controls=\"elementor-tab-content-2178\" aria-expanded=\"false\">\n\t\t\t\t\t\t\t\t\t\t\t\t\t<span class=\"elementor-accordion-icon elementor-accordion-icon-left\" aria-hidden=\"true\">\n\t\t\t\t\t\t\t\t\t\t\t\t\t\t\t<span class=\"elementor-accordion-icon-closed\"><i class=\"fas fa-angle-double-down\"><\/i><\/span>\n\t\t\t\t\t\t\t\t<span class=\"elementor-accordion-icon-opened\"><i class=\"fas fa-minus\"><\/i><\/span>\n\t\t\t\t\t\t\t\t\t\t\t\t\t\t<\/span>\n\t\t\t\t\t\t\t\t\t\t\t\t<a class=\"elementor-accordion-title\" tabindex=\"0\">Sommet mondial du bien-\u00eatre pr\u00e9natal \u2013 mars 2026<\/a>\n\t\t\t\t\t<\/div>\n\t\t\t\t\t<div id=\"elementor-tab-content-2178\" class=\"elementor-tab-content elementor-clearfix\" data-tab=\"8\" role=\"region\" aria-labelledby=\"elementor-tab-title-2178\"><h2 class=\"sec-title\">Unlock the Power of Pregnancy \u2013 For Parents, Families, and Professionals<\/h2>\n<p><img loading=\"lazy\" decoding=\"async\" class=\"size-medium wp-image-3502 aligncenter\" src=\"https:\/\/www.omaep.com\/wp-content\/uploads\/2026\/03\/Summit-Poster-300x300.jpg\" alt=\"\" width=\"300\" height=\"300\" srcset=\"https:\/\/www.omaep.com\/wp-content\/uploads\/2026\/03\/Summit-Poster-300x300.jpg 300w, https:\/\/www.omaep.com\/wp-content\/uploads\/2026\/03\/Summit-Poster-1024x1024.jpg 1024w, https:\/\/www.omaep.com\/wp-content\/uploads\/2026\/03\/Summit-Poster-150x150.jpg 150w, https:\/\/www.omaep.com\/wp-content\/uploads\/2026\/03\/Summit-Poster-768x768.jpg 768w, https:\/\/www.omaep.com\/wp-content\/uploads\/2026\/03\/Summit-Poster-12x12.jpg 12w, https:\/\/www.omaep.com\/wp-content\/uploads\/2026\/03\/Summit-Poster-225x225.jpg 225w, https:\/\/www.omaep.com\/wp-content\/uploads\/2026\/03\/Summit-Poster.jpg 1080w\" sizes=\"(max-width: 300px) 100vw, 300px\" \/><\/p>\n<p>Une fois de plus, l\u2019OMAEP a \u00e9t\u00e9 invit\u00e9e \u00e0 pr\u00e9senter une conf\u00e9rence intitul\u00e9e : <b>\u00c9ducation pr\u00e9natale naturelle. Pr\u00e9conception et conception : la beaut\u00e9 et l\u2019amour du commencement de la vie,<\/b> at the <b>dans le cadre du Prenatal Wellbeing Summit de la Prenatal Alliance,<\/b> qui se tiendra en ligne du 20 au 22 mars 2026. Comme chaque ann\u00e9e, des intervenants renomm\u00e9s et prestigieux du monde entier y participeront. Nous vous encourageons \u00e0 vous inscrire.<\/p>\n<p class=\"mb-25\">Que vous attendiez un b\u00e9b\u00e9, que vous accompagniez un proche ou que vous travailliez comme professionnel de la sant\u00e9 maternelle, comprendre l\u2019influence profonde de la p\u00e9riode pr\u00e9natale vous permet de favoriser un d\u00e9veloppement physique, \u00e9motionnel et psychologique optimal. Le Prenatal Wellness Summit propose des donn\u00e9es probantes, des outils pratiques et des perspectives inspirantes pour guider les familles et les professionnels dans la cr\u00e9ation des conditions les plus saines d\u00e8s le d\u00e9but de la vie de chaque b\u00e9b\u00e9.<\/p>\n<div class=\"simple-quote\">\n<p><img loading=\"lazy\" decoding=\"async\" class=\"size-medium wp-image-3503 aligncenter\" src=\"https:\/\/www.omaep.com\/wp-content\/uploads\/2026\/03\/51-300x300.jpg\" alt=\"\" width=\"300\" height=\"300\" srcset=\"https:\/\/www.omaep.com\/wp-content\/uploads\/2026\/03\/51-300x300.jpg 300w, https:\/\/www.omaep.com\/wp-content\/uploads\/2026\/03\/51-1024x1024.jpg 1024w, https:\/\/www.omaep.com\/wp-content\/uploads\/2026\/03\/51-150x150.jpg 150w, https:\/\/www.omaep.com\/wp-content\/uploads\/2026\/03\/51-768x768.jpg 768w, https:\/\/www.omaep.com\/wp-content\/uploads\/2026\/03\/51-12x12.jpg 12w, https:\/\/www.omaep.com\/wp-content\/uploads\/2026\/03\/51-225x225.jpg 225w, https:\/\/www.omaep.com\/wp-content\/uploads\/2026\/03\/51.jpg 1080w\" sizes=\"(max-width: 300px) 100vw, 300px\" \/><\/p>\n<p><strong>Ce que vous apprendrez lors du Sommet:<\/strong><\/p>\n<p><img decoding=\"async\" class=\"emoji\" role=\"img\" draggable=\"false\" src=\"https:\/\/s.w.org\/images\/core\/emoji\/17.0.2\/svg\/2714.svg\" alt=\"\u2714\" \/> Comment le parcours de la grossesse fa\u00e7onne la sant\u00e9 et le d\u00e9veloppement tout au long de la vie<\/p>\n<p><img decoding=\"async\" class=\"emoji\" role=\"img\" draggable=\"false\" src=\"https:\/\/s.w.org\/images\/core\/emoji\/17.0.2\/svg\/2714.svg\" alt=\"\u2714\" \/> Des ateliers pratiques et des outils fond\u00e9s sur des donn\u00e9es probantes pour les soins pr\u00e9natals<\/p>\n<p><img decoding=\"async\" class=\"emoji\" role=\"img\" draggable=\"false\" src=\"https:\/\/s.w.org\/images\/core\/emoji\/17.0.2\/svg\/2714.svg\" alt=\"\u2714\" \/> Supporting parent-baby and family connections before birth<\/p>\n<p><img decoding=\"async\" class=\"emoji\" role=\"img\" draggable=\"false\" src=\"https:\/\/s.w.org\/images\/core\/emoji\/17.0.2\/svg\/2714.svg\" alt=\"\u2714\" \/> Comprendre les origines pr\u00e9natales de la sant\u00e9 \u00e0 long terme<\/p>\n<p><img decoding=\"async\" class=\"emoji\" role=\"img\" draggable=\"false\" src=\"https:\/\/s.w.org\/images\/core\/emoji\/17.0.2\/svg\/2714.svg\" alt=\"\u2714\" \/> Les meilleures pratiques en mati\u00e8re de travail, d\u2019accouchement et de soins post-partum<\/p>\n<p><img decoding=\"async\" class=\"emoji\" role=\"img\" draggable=\"false\" src=\"https:\/\/s.w.org\/images\/core\/emoji\/17.0.2\/svg\/2714.svg\" alt=\"\u2714\" \/> Explorer la m\u00e9moire pr\u00e9natale et le d\u00e9veloppement \u00e9motionnel pr\u00e9coce<\/p>\n<p><img decoding=\"async\" class=\"emoji\" role=\"img\" draggable=\"false\" src=\"https:\/\/s.w.org\/images\/core\/emoji\/17.0.2\/svg\/2714.svg\" alt=\"\u2714\" \/> Accompagner le cheminement spirituel et relationnel de la m\u00e8re, du b\u00e9b\u00e9 et de la famille<\/p>\n<p><img decoding=\"async\" class=\"emoji\" role=\"img\" draggable=\"false\" src=\"https:\/\/s.w.org\/images\/core\/emoji\/17.0.2\/svg\/2714.svg\" alt=\"\u2714\" \/> L\u2019impact social d\u2019une exp\u00e9rience de grossesse positive et soutenante<\/p>\n<p>\u00a0<\/p>\n<\/div>\n<p><strong>\u00c0 qui s\u2019adresse ce Sommet ?<\/strong><\/p>\n<p><img decoding=\"async\" class=\"emoji\" role=\"img\" draggable=\"false\" src=\"https:\/\/s.w.org\/images\/core\/emoji\/17.0.2\/svg\/2714.svg\" alt=\"\u2714\" \/> Aux futurs parents et aux couples<\/p>\n<p><img decoding=\"async\" class=\"emoji\" role=\"img\" draggable=\"false\" src=\"https:\/\/s.w.org\/images\/core\/emoji\/17.0.2\/svg\/2714.svg\" alt=\"\u2714\" \/> Aux professionnels de sant\u00e9 (obst\u00e9triciens, infirmiers et infirmi\u00e8res, sages-femmes, physioth\u00e9rapeutes)<\/p>\n<p><img decoding=\"async\" class=\"emoji\" role=\"img\" draggable=\"false\" src=\"https:\/\/s.w.org\/images\/core\/emoji\/17.0.2\/svg\/2714.svg\" alt=\"\u2714\" \/> Aux doulas, \u00e9ducateurs p\u00e9rinataux et consultants en lactation<\/p>\n<p><img decoding=\"async\" class=\"emoji\" role=\"img\" draggable=\"false\" src=\"https:\/\/s.w.org\/images\/core\/emoji\/17.0.2\/svg\/2714.svg\" alt=\"\u2714\" \/> Aux psychologues, th\u00e9rapeutes et professionnels du trauma et de la sant\u00e9 mentale<\/p>\n<p><img decoding=\"async\" class=\"emoji\" role=\"img\" draggable=\"false\" src=\"https:\/\/s.w.org\/images\/core\/emoji\/17.0.2\/svg\/2714.svg\" alt=\"\u2714\" \/> Aux enseignants de yoga, de pleine conscience et des approches corps-esprit<\/p>\n<p><img decoding=\"async\" class=\"emoji\" role=\"img\" draggable=\"false\" src=\"https:\/\/s.w.org\/images\/core\/emoji\/17.0.2\/svg\/2714.svg\" alt=\"\u2714\" \/> Aux chercheurs, \u00e9tudiants et universitaires<\/p>\n<p><img decoding=\"async\" class=\"emoji\" role=\"img\" draggable=\"false\" src=\"https:\/\/s.w.org\/images\/core\/emoji\/17.0.2\/svg\/2714.svg\" alt=\"\u2714\" \/> \u00c0 toute personne int\u00e9ress\u00e9e par le d\u00e9but de la vie et les soins qui l\u2019accompagnent<\/p>\n<p>\u00a0<\/p>\n<p><strong>Programme:<\/strong>: <a href=\"https:\/\/prenatalwellnesssummit.com\/program.html\">https:\/\/prenatalwellnesssummit.com\/program.html<\/a><\/p>\n<p><strong>Inscrivez-vous gratuitement d\u00e8s maintenant:<\/strong>: <a href=\"https:\/\/subscribepage.io\/faG1Bv\">https:\/\/subscribepage.io\/faG1Bv<\/a><\/p>\n<p>\u00a0<\/p>\n<p><img loading=\"lazy\" decoding=\"async\" class=\"alignnone size-full wp-image-3504\" src=\"https:\/\/www.omaep.com\/wp-content\/uploads\/2026\/03\/logo.png\" alt=\"\" width=\"209\" height=\"92\" srcset=\"https:\/\/www.omaep.com\/wp-content\/uploads\/2026\/03\/logo.png 209w, https:\/\/www.omaep.com\/wp-content\/uploads\/2026\/03\/logo-18x8.png 18w\" sizes=\"(max-width: 209px) 100vw, 209px\" \/><\/p>\n<p><img loading=\"lazy\" decoding=\"async\" class=\"size-medium wp-image-3501 alignleft\" src=\"https:\/\/www.omaep.com\/wp-content\/uploads\/2026\/03\/World-Pregnancy-Day-Poster-300x300.jpg\" alt=\"\" width=\"300\" height=\"300\" srcset=\"https:\/\/www.omaep.com\/wp-content\/uploads\/2026\/03\/World-Pregnancy-Day-Poster-300x300.jpg 300w, https:\/\/www.omaep.com\/wp-content\/uploads\/2026\/03\/World-Pregnancy-Day-Poster-1024x1024.jpg 1024w, https:\/\/www.omaep.com\/wp-content\/uploads\/2026\/03\/World-Pregnancy-Day-Poster-150x150.jpg 150w, https:\/\/www.omaep.com\/wp-content\/uploads\/2026\/03\/World-Pregnancy-Day-Poster-768x768.jpg 768w, https:\/\/www.omaep.com\/wp-content\/uploads\/2026\/03\/World-Pregnancy-Day-Poster-12x12.jpg 12w, https:\/\/www.omaep.com\/wp-content\/uploads\/2026\/03\/World-Pregnancy-Day-Poster-225x225.jpg 225w, https:\/\/www.omaep.com\/wp-content\/uploads\/2026\/03\/World-Pregnancy-Day-Poster.jpg 1080w\" sizes=\"(max-width: 300px) 100vw, 300px\" \/><\/p>\n<p>\u00a0<\/p>\n<p>\u00a0<\/p>\n<p>\u00a0<\/p>\n<p>\u00a0<\/p>\n<p>\u00a0<\/p>\n<p>\u00a0<\/p>\n<p>\u00a0<\/p>\n<p>\u00a0<\/p>\n<p>\u00a0<\/p>\n<p>\u00a0<\/p>\n<p>\u00a0<\/p>\n<p>\u00a0<\/p>\n<p><a href=\"http:\/\/www.prenatalalliance.org\/\" target=\"_blank\" rel=\"noopener\">www.PrenatalAlliance.org<\/a><br \/><a href=\"http:\/\/www.worldpregnancyday.com\/\" target=\"_blank\" rel=\"noopener\">www.WorldPregnancyDay.com<\/a><\/p><\/div>\n\t\t\t\t<\/div>\n\t\t\t\t\t\t\t<div class=\"elementor-accordion-item\">\n\t\t\t\t\t<div id=\"elementor-tab-title-2179\" class=\"elementor-tab-title\" data-tab=\"9\" role=\"button\" aria-controls=\"elementor-tab-content-2179\" aria-expanded=\"false\">\n\t\t\t\t\t\t\t\t\t\t\t\t\t<span class=\"elementor-accordion-icon elementor-accordion-icon-left\" aria-hidden=\"true\">\n\t\t\t\t\t\t\t\t\t\t\t\t\t\t\t<span class=\"elementor-accordion-icon-closed\"><i class=\"fas fa-angle-double-down\"><\/i><\/span>\n\t\t\t\t\t\t\t\t<span class=\"elementor-accordion-icon-opened\"><i class=\"fas fa-minus\"><\/i><\/span>\n\t\t\t\t\t\t\t\t\t\t\t\t\t\t<\/span>\n\t\t\t\t\t\t\t\t\t\t\t\t<a class=\"elementor-accordion-title\" tabindex=\"0\">Congr\u00e8s international OMAEP Strasbourg<\/a>\n\t\t\t\t\t<\/div>\n\t\t\t\t\t<div id=\"elementor-tab-content-2179\" class=\"elementor-tab-content elementor-clearfix\" data-tab=\"9\" role=\"region\" aria-labelledby=\"elementor-tab-title-2179\">\n<\/p>\n<p style=\"text-align: center; font-size: 22px; line-height: 1.8; margin-bottom: 20px; color: #1f4e79;\"><strong>Congr\u00e8s international<br \/>Neurosciences, violence pr\u00e9natale et postnatale et protection juridique et m\u00e9dico-l\u00e9gale :<\/strong><\/p>\n<p style=\"text-align: center; font-size: 22px; line-height: 1.8; margin-bottom: 20px; color: #1f4e79;\"><strong>Vers une protection int\u00e9gr\u00e9e pour les m\u00e8res, les enfants \u00e0 na\u00eetre et les enfants<\/strong><\/p>\n<p><iframe style=\"width: 100%; max-width: 850px; height: 450px; display: block; margin: 0 auto 25px auto; border: none;\" title=\"Affiche du congr\u00e8s\" src=\"https:\/\/www.omaep.com\/wp-content\/plugins\/embedpress\/assets\/pdf-flip-book\/viewer.html?file=https%3A%2F%2Fwww.omaep.com%2Fwp-content%2Fuploads%2F2026%2F04%2FPOSTERS-FRANCES_compressed.pdf&key=dGhlbWVNb2RlPWRlZmF1bHQmdG9vbGJhcj10cnVlJnBvc2l0aW9uPXRvcCZwcmVzZW50YXRpb249dHJ1ZSZsYXp5TG9hZD1mYWxzZSZkb3dubG9hZD10cnVlJmNvcHlfdGV4dD10cnVlJnBkZl9yb3RhdGlvbj10cnVlJnBkZl9kZXRhaWxzPXRydWUmem9vbV9pbj10cnVlJnpvb21fb3V0PXRydWUmZml0X3ZpZXc9dHJ1ZSZib29rbWFyaz10cnVlJmZsaXBib29rX3Rvb2xiYXJfcG9zaXRpb249Ym90dG9tJnNlbGVjdGlvbl90b29sPTAmc2Nyb2xsaW5nPTAmc3ByZWFkcz0tMSZpc19wcm9fYWN0aXZlPTA=\" frameborder=\"0\"><\/iframe><\/p>\n<p style=\"font-size: 20px; line-height: 1.9; margin-bottom: 20px; color: #1f4e79;\">L\u2019OMAEP a assist\u00e9 au Congr\u00e8s international sur les neurosciences, la violence pr\u00e9natale et postnatale et la protection juridique et m\u00e9dico-l\u00e9gale : vers une protection int\u00e9gr\u00e9e pour les m\u00e8res, les enfants \u00e0 na\u00eetre et les enfants, qui s\u2019est tenu au Parlement europ\u00e9en \u00e0 Strasbourg, le 3 d\u00e9cembre 2025.<\/p>\n<p style=\"font-size: 20px; line-height: 1.9; margin-bottom: 20px; color: #1f4e79;\">Organis\u00e9 par la PSAF (Association scientifique des professionnels de sant\u00e9 l\u00e9gistes et assureurs d\u2019Italie), en partenariat avec l\u2019ASMI Espagne, et avec la collaboration de la Maternal Mental Health Alliance, l\u2019APRODEME (Association pour la d\u00e9fense des mineurs) et Conecta Perinatal, dont fait partie l\u2019ANEP, Espagne.<\/p>\n<p style=\"font-size: 20px; line-height: 1.9; margin-bottom: 20px; color: #1f4e79;\">Le congr\u00e8s s\u2019est d\u00e9roul\u00e9 en pr\u00e9sentiel et en ligne, avec traduction simultan\u00e9e, en anglais, fran\u00e7ais, espagnol, et a r\u00e9uni un groupe important de scientifiques de diff\u00e9rents pays et continents, sp\u00e9cialis\u00e9s dans divers domaines : m\u00e9decins, psychologues cliniciens, psychiatres, neuroscientifiques cliniciens et l\u00e9gistes, neuropsychologues, psychoth\u00e9rapeutes, professeurs et personnes issues du milieu juridique : avocats et une juge pour mineurs. Le programme du congr\u00e8s ci-joint contient toutes les informations sur les objectifs, les intervenants, les professions, etc.<\/p>\n<p style=\"font-size: 20px; line-height: 1.9; margin-bottom: 20px; color: #1f4e79;\">Il convient de souligner tout particuli\u00e8rement la participation italienne, qui s\u2019est d\u00e9roul\u00e9e au cours de trois des quatre sessions du congr\u00e8s, et la participation espagnole, avec notamment la pr\u00e9sence de Pascual Palau Subiela, pr\u00e9sident de Conecta Perinatal, du pr\u00e9sident de la Maternal Mental Health Alliance, Alain Gr\u00e9goire, et du pr\u00e9sident de l\u2019Institut de l\u2019enfance (France), B. Golse.<\/p>\n<p style=\"font-size: 20px; line-height: 1.9; margin-bottom: 20px; color: #1f4e79;\">Toutes les pr\u00e9sentations \u00e9taient d\u2019un haut niveau et d\u2019une grande rigueur scientifique, mais elles ont \u00e9galement \u00e9t\u00e9 expos\u00e9es avec une sensibilit\u00e9, une qualit\u00e9 et une chaleur humaine remarquables.<\/p>\n<p style=\"font-size: 20px; line-height: 1.9; margin-bottom: 20px; color: #1f4e79;\">Ce congr\u00e8s a \u00e9t\u00e9 extr\u00eamement enrichissant et nous a permis de corroborer, une fois de plus, ce que de grands pionniers tels que Verny, Chamberlain, Relier, Odent, Lipton et d\u2019autres\u2026 ont refl\u00e9t\u00e9 dans leurs \u00e9crits et leurs conf\u00e9rences depuis plusieurs d\u00e9cennies d\u00e9j\u00e0, et il \u00e9tait tr\u00e8s int\u00e9ressant d\u2019entendre, pour la premi\u00e8re fois, dans une institution comme le Parlement europ\u00e9en, du point de vue des neurosciences, l\u2019effet de la violence pr\u00e9natale et p\u00e9rinatale sur le d\u00e9veloppement c\u00e9r\u00e9bral, ainsi que le stress et son impact n\u00e9gatif sur la femme enceinte et le b\u00e9b\u00e9. Tous les intervenants ont g\u00e9n\u00e9ralement convenu de l\u2019importance du facteur \u00ab pr\u00e9vention \u00bb.<\/p>\n<p style=\"font-size: 20px; line-height: 1.9; margin-bottom: 20px; color: #1f4e79;\">En 2023, 19 000 femmes en Italie se sont rendues aux urgences pour cause de violence domestique, soulignant les implications n\u00e9gatives de la douleur sur le b\u00e9b\u00e9 pr\u00e9natal et l\u2019importance d\u2019\u00e9duquer \u00e0 l\u2019affectivit\u00e9. Cr\u00e9er des liens affectifs d\u2019amour peut tout changer.<\/p>\n<p style=\"font-size: 20px; line-height: 1.9; margin-bottom: 20px; color: #1f4e79;\">Lorsque le b\u00e9b\u00e9 \u00e0 na\u00eetre ou l\u2019enfant est expos\u00e9 \u00e0 la violence et grandit dans la peur, il est en \u00e9tat d\u2019alerte. La t\u00e2che ne consiste donc pas seulement \u00e0 r\u00e9parer, mais aussi \u00e0 donner un sens \u00e0 sa vie. Il est important de privil\u00e9gier les soins plut\u00f4t que les r\u00e9sultats scolaires. Il est n\u00e9cessaire de prendre soin de la vie, et pas seulement de la g\u00e9rer, et de d\u00e9velopper la capacit\u00e9 \u00e0 reconna\u00eetre l\u2019autre en tant que personne.<\/p>\n<p style=\"font-size: 20px; line-height: 1.9; margin-bottom: 20px; color: #1f4e79;\">Prot\u00e9ger la femme enceinte, c\u2019est prot\u00e9ger le b\u00e9b\u00e9. La protection de l\u2019enfant commence avec le b\u00e9b\u00e9 \u00e0 na\u00eetre. La sant\u00e9 de l\u2019enfant d\u00e9pend de l\u2019environnement dans lequel vit la m\u00e8re.<\/p>\n<p style=\"font-size: 20px; line-height: 1.9; margin-bottom: 20px; color: #1f4e79;\">Si une femme enceinte subit des violences, cela affecte ensuite la posture du b\u00e9b\u00e9 : scoliose et probl\u00e8mes de vision associ\u00e9s \u00e0 la scoliose. La posture peut affecter le d\u00e9veloppement du cerveau. Les traumatismes, les secrets de famille, affectent la posture et l\u2019expression de la bouche, des yeux\u2026 et se transmettent de g\u00e9n\u00e9ration en g\u00e9n\u00e9ration, comme nous l\u2019enseigne la psychog\u00e9n\u00e9alogie. C\u2019est pourquoi il est important de d\u00e9velopper des strat\u00e9gies de pr\u00e9vention. La pr\u00e9vention est n\u00e9cessaire.<\/p>\n<p style=\"font-size: 20px; line-height: 1.9; margin-bottom: 20px; color: #1f4e79;\">Il a \u00e9galement \u00e9t\u00e9 question de la n\u00e9cessit\u00e9 de fournir aux femmes enceintes des outils, tels que la pleine conscience et la m\u00e9ditation, qui peuvent les aider \u00e0 traverser cette p\u00e9riode, et ainsi contrer l\u2019anxi\u00e9t\u00e9 et les pens\u00e9es inqui\u00e9tantes qui augmentent le cortisol, et de cette mani\u00e8re r\u00e9duire l\u2019anxi\u00e9t\u00e9, int\u00e9grer les \u00e9motions, apporter le calme\u2026<\/p>\n<p style=\"font-size: 20px; line-height: 1.9; margin-bottom: 20px; color: #1f4e79;\"><strong>Prot\u00e9ger la m\u00e8re de la violence, c\u2019est prot\u00e9ger les g\u00e9n\u00e9rations futures !<\/strong><\/p>\n<p style=\"font-size: 20px; line-height: 1.9; margin-bottom: 20px; color: #1f4e79;\">La question du droit \u00e0 la sant\u00e9 de l\u2019enfant \u00e0 na\u00eetre et de l\u2019enfant dans le cadre juridique a \u00e9galement \u00e9t\u00e9 abord\u00e9e. L\u2019enfant \u00e0 na\u00eetre a les m\u00eames droits (vie, sant\u00e9, dignit\u00e9) \u00e0 l\u2019int\u00e9grit\u00e9 physique et psychique que la personne n\u00e9e. Si les enfants visibles ne sont pas prot\u00e9g\u00e9s, ceux qui ne le sont pas le sont encore moins.<\/p>\n<p style=\"font-size: 20px; line-height: 1.9; margin-bottom: 20px; color: #1f4e79;\">Les neurosciences d\u00e9montrent que l\u2019enfant qui a subi des violences pr\u00e9natales ou p\u00e9rinatales est consid\u00e9r\u00e9 comme une victime.<\/p>\n<p style=\"font-size: 20px; line-height: 1.9; margin-bottom: 20px; color: #1f4e79;\">Quant \u00e0 la participation espagnole, elle s\u2019est principalement concentr\u00e9e sur la pr\u00e9vention de la violence li\u00e9e \u00e0 la s\u00e9paration entre m\u00e8res et enfants dans les familles vuln\u00e9rables, et c\u2019est dans ce sens que le pr\u00e9sident de Conecta Perinatal, Pascual Palau, a orient\u00e9 son discours, en exposant : qu\u2019il faut g\u00e9n\u00e9rer de nouvelles perspectives scientifiques, sociales et juridiques qui favorisent en Europe et dans le reste du monde la meilleure prise en charge des familles en difficult\u00e9 et de leurs b\u00e9b\u00e9s, et il a d\u00e9clar\u00e9 que si nous continuons \u00e0 s\u00e9parer constamment les m\u00e8res en raison de leurs probl\u00e8mes pass\u00e9s, nous continuerons \u00e0 transmettre ce probl\u00e8me de g\u00e9n\u00e9ration en g\u00e9n\u00e9ration, et il ne sera pas possible de rem\u00e9dier \u00e0 la situation.<\/p>\n<p style=\"font-size: 20px; line-height: 1.9; margin-bottom: 20px; color: #1f4e79;\">C\u2019est dans cette optique que s\u2019est inscrite l\u2019intervention de l\u2019avocat Vila Torres, qui a d\u00e9clar\u00e9 que cette situation cr\u00e9ait un probl\u00e8me en Espagne. Seuls 10 % de ces s\u00e9parations sont justifi\u00e9es, sur les 60 000 cas de d\u00e9laissement retir\u00e9s. Il a conclu en disant que l\u2019enfant doit occuper une place importante dans la soci\u00e9t\u00e9, qu\u2019il faut se concentrer sur l\u2019enfant pendant sa premi\u00e8re ann\u00e9e de vie et qu\u2019il faut investir dans la grossesse et dans les trois premi\u00e8res ann\u00e9es de vie.<\/p>\n<p style=\"font-size: 20px; line-height: 1.9; margin-bottom: 20px; color: #1f4e79;\">B. Golse, pr\u00e9sident de l\u2019Institut de l\u2019enfance, a expliqu\u00e9 que les s\u00e9parations pr\u00e9coces constituent un risque et que les effets de la s\u00e9paration m\u00e8re-b\u00e9b\u00e9 sont d\u00e9vastateurs.<\/p>\n<p style=\"font-size: 20px; line-height: 1.9; margin-bottom: 20px; color: #1f4e79;\">La derni\u00e8re intervention du groupe espagnol a \u00e9t\u00e9 celle de la juge pour mineurs Elena Crespo, qui a d\u00e9clar\u00e9 que la croissance d\u2019un enfant doit se faire au sein de la famille, que les s\u00e9parations m\u00e8re-enfant ne devraient avoir lieu que dans des situations justifi\u00e9es et que, souvent, les s\u00e9parations entra\u00eenent une violation de l\u2019\u00c9tat de droit. Elle a conclu en disant qu\u2019il fallait favoriser le d\u00e9veloppement d\u2019un \u00eatre dans un environnement affectif sain, et que cela devait \u00eatre la priorit\u00e9, afin d\u2019avoir des citoyens et des gouvernants qui nous aident \u00e0 sortir des guerres et autres calamit\u00e9s\u2026 L\u2019amour est ce dont la soci\u00e9t\u00e9 a besoin pour vivre en libert\u00e9. Une soci\u00e9t\u00e9 avec une enfance saine sera une soci\u00e9t\u00e9 saine.<\/p>\n<p style=\"font-size: 20px; line-height: 1.9; margin-bottom: 20px; color: #1f4e79;\">La derni\u00e8re intervention du congr\u00e8s a \u00e9t\u00e9 assur\u00e9e par le docteur italien Mariarosaria Greco, qui a d\u00e9clar\u00e9 \u00e0 la fin de son expos\u00e9 qu\u2019il fallait mettre en place des strat\u00e9gies de pr\u00e9vention pour aider la m\u00e8re et le b\u00e9b\u00e9 pendant la p\u00e9riode de gestation. Elle a conclu en disant\u2026<\/p>\n<p style=\"font-size: 20px; line-height: 1.9; margin-bottom: 20px; color: #1f4e79; text-align: center;\"><strong>\u00ab Cela doit \u00eatre int\u00e9gr\u00e9 dans les \u00e9coles, il faut leur transmettre cette information \u00bb.<\/strong><\/p>\n<p style=\"font-size: 20px; line-height: 1.9; margin-bottom: 20px; color: #1f4e79;\">Pour finir, nous tenons \u00e0 f\u00e9liciter les organisateurs de cet \u00e9v\u00e9nement, car il a permis de transmettre au Parlement europ\u00e9en toutes ces connaissances sur l\u2019importance de la p\u00e9riode pr\u00e9natale et p\u00e9rinatale, et la n\u00e9cessit\u00e9 de la pr\u00e9server et de la prot\u00e9ger pour l\u2019avenir des g\u00e9n\u00e9rations futures. Que ce qui y a \u00e9t\u00e9 expos\u00e9 trouve un \u00e9cho dans le plus grand nombre de consciences, afin que l\u2019importance cruciale de la p\u00e9riode pr\u00e9natale et p\u00e9rinatale puisse se r\u00e9pandre et devenir un espoir pour le bien de l\u2019humanit\u00e9.<\/p>\n<p style=\"font-size: 20px; line-height: 1.9; margin-bottom: 20px; color: #1f4e79;\"><strong>CA de l\u2019OMAEP<\/strong><\/p>\n<p><\/div>\n\t\t\t\t<\/div>\n\t\t\t\t\t\t\t\t<\/div>\n\t\t\t\t\t\t<\/div>\n\t\t\t\t<\/div>\n\t\t\t\t\t<\/div>\n\t\t<\/div>\n\t\t\t\t\t<\/div>\n\t\t<\/section>\n\t\t\t\t<\/div>","protected":false},"excerpt":{"rendered":"<p>ANPEP manifesto for a new \u201cSCIENCE OF EDUCATION\u201d Prenatal Education in Business ERASMUS PROJECT+ 2017-2019 ERASMUS PROJECT+ 2019-2021 Erasmus + 2022-2025 VICEPRED Parents are increasingly ill-prepared to deal with such a complex and challenging task of educating children. Society changes quickly and does little or nothing to help parents. There is no agency that takes &hellip;<br \/><a href=\"https:\/\/www.omaep.com\/fr\/projects-events\/\" class=\"more-link pen_button pen_element_default pen_icon_arrow_double\">Continue reading <span class=\"screen-reader-text\">Projets \u2013 \u00c9v\u00e9nements<\/span><\/a><\/p>","protected":false},"author":1,"featured_media":514,"comment_status":"closed","ping_status":"closed","sticky":false,"template":"","format":"standard","meta":{"give_campaign_id":0,"_bbp_topic_count":0,"_bbp_reply_count":0,"_bbp_total_topic_count":0,"_bbp_total_reply_count":0,"_bbp_voice_count":0,"_bbp_anonymous_reply_count":0,"_bbp_topic_count_hidden":0,"_bbp_reply_count_hidden":0,"_bbp_forum_subforum_count":0,"_eb_attr":"","footnotes":""},"categories":[16],"tags":[],"class_list":["post-783","post","type-post","status-publish","format-standard","has-post-thumbnail","hentry","category-menu"],"_links":{"self":[{"href":"https:\/\/www.omaep.com\/fr\/wp-json\/wp\/v2\/posts\/783","targetHints":{"allow":["GET"]}}],"collection":[{"href":"https:\/\/www.omaep.com\/fr\/wp-json\/wp\/v2\/posts"}],"about":[{"href":"https:\/\/www.omaep.com\/fr\/wp-json\/wp\/v2\/types\/post"}],"author":[{"embeddable":true,"href":"https:\/\/www.omaep.com\/fr\/wp-json\/wp\/v2\/users\/1"}],"replies":[{"embeddable":true,"href":"https:\/\/www.omaep.com\/fr\/wp-json\/wp\/v2\/comments?post=783"}],"version-history":[{"count":88,"href":"https:\/\/www.omaep.com\/fr\/wp-json\/wp\/v2\/posts\/783\/revisions"}],"predecessor-version":[{"id":3669,"href":"https:\/\/www.omaep.com\/fr\/wp-json\/wp\/v2\/posts\/783\/revisions\/3669"}],"wp:featuredmedia":[{"embeddable":true,"href":"https:\/\/www.omaep.com\/fr\/wp-json\/wp\/v2\/media\/514"}],"wp:attachment":[{"href":"https:\/\/www.omaep.com\/fr\/wp-json\/wp\/v2\/media?parent=783"}],"wp:term":[{"taxonomy":"category","embeddable":true,"href":"https:\/\/www.omaep.com\/fr\/wp-json\/wp\/v2\/categories?post=783"},{"taxonomy":"post_tag","embeddable":true,"href":"https:\/\/www.omaep.com\/fr\/wp-json\/wp\/v2\/tags?post=783"}],"curies":[{"name":"wp","href":"https:\/\/api.w.org\/{rel}","templated":true}]}}